{"id":117502,"date":"2021-05-27T16:26:17","date_gmt":"2021-05-27T20:26:17","guid":{"rendered":"https:\/\/linitiative.ca\/International\/la-tunisie-est-un-pays-sur-et-litalie-va-lui-renvoyer-ses-migrants-clandestins\/"},"modified":"2021-05-27T16:26:17","modified_gmt":"2021-05-27T20:26:17","slug":"la-tunisie-est-un-pays-sur-et-litalie-va-lui-renvoyer-ses-migrants-clandestins","status":"publish","type":"post","link":"https:\/\/linitiative.ca\/International\/la-tunisie-est-un-pays-sur-et-litalie-va-lui-renvoyer-ses-migrants-clandestins\/","title":{"rendered":"La Tunisie est un pays s\u00fbr, et l\u2019Italie va lui renvoyer ses migrants clandestins"},"content":{"rendered":"<div class=\"post-cont-in left relative\">\n<div id=\"post-info-wrap\" class=\"left relative post-info-out\">\n<div class=\"post-info-img left relative\"><img decoding=\"async\" alt=\"\" src=\"https:\/\/secure.gravatar.com\/avatar\/047123be9d5e8513774383916ee72db2?s=50&amp;d=mm&amp;r=g\" srcset=\"https:\/\/secure.gravatar.com\/avatar\/047123be9d5e8513774383916ee72db2?s=100&amp;d=mm&amp;r=g 2x\" class=\"avatar avatar-50 photo\" height=\"50\" width=\"50\" loading=\"lazy\"\/><\/div>\n<div class=\"post-info-in\">\n<div class=\"post-info-right left relative post-info-name left relative\"><span><span class=\"post-info-text\">Par<\/span> <span class=\"author-name vcard fn author\"><a href=\"https:\/\/www.tunisienumerique.com\/author\/lm\/\" title=\"Articles par LM\" rel=\"author\">LM<\/a><\/span><\/span> <span class=\"post-date updated\"><time class=\"post-date updated\" datetime=\"2021-05-27\">\u00a0| Il y a 24 secondes<\/time><\/span><br \/>\n<meta itemprop=\"dateModified\" content=\"2021-05-27\"\/><\/div>\n<div class=\"left relative\"><button id=\"listenButton1\" class=\"responsivevoice-button\" type=\"button\" value=\"Play\" title=\"\u00c9coutez l'article\"><span>\ud83d\udd0a \u00c9coutez l&rsquo;article<\/span><\/button>\n<\/div>\n<\/div>\n<\/div>\n<p>La ministre de l\u2019int\u00e9rieur italienne, Luciana Lamorgese, a assur\u00e9, lors d\u2019un d\u00e9placement en Sicile, que suite \u00e0 sa derni\u00e8re visite en Tunisie, en compagnie de la responsable europ\u00e9enne des affaires int\u00e9rieures, de grands progr\u00e8s ont \u00e9t\u00e9 atteints en rapport avec la gestion des migrants clandestins issus de ce pays. Elle a assur\u00e9 que l\u2019Italie va, du moment que la Tunisie est consid\u00e9r\u00e9 comme un pays s\u00fbr, renvoyer les migrants tunisiens chez eux. Elle a ajout\u00e9 que l\u2019Italie va \u0153uvrer \u00e0 aider financi\u00e8rement la Tunisie pour d\u00e9passer la crise sanitaire, pour qu\u2019elle puisse assurer de bonnes opportunit\u00e9 de vie et de travail \u00e0 ses jeunes, de fa\u00e7on \u00e0 ce qu\u2019ils ne cherchent plus \u00e0 migrer vers l\u2019Europe.<\/p>\n<div class=\"code-block code-block-1 c4\">\n <ins class=\"adsbygoogle c3\" data-ad-layout=\"in-article\" data-ad-format=\"fluid\" data-ad-client=\"ca-pub-2102118777505746\" data-ad-slot=\"7301775417\"\/>\n<\/div>\n<div class=\"swp_social_panel swp_horizontal_panel swp_flat_fresh swp_default_full_color swp_individual_full_color swp_other_full_color scale-100 scale-\" data-min-width=\"1100\" data-float-color=\"#ffffff\" data-float=\"bottom\" data-float-mobile=\"bottom\" data-transition=\"slide\">\n<div class=\"nc_tweetContainer swp_share_button total_shares total_sharesalt\"><span class=\"swp_count\">0 <span class=\"swp_label\">Partages<\/span><\/span><\/div>\n<\/div>\n<p><strong>Que se passe-t-il en Tunisie?<\/strong><br \/>Nous expliquons sur notre <a href=\"https:\/\/www.youtube.com\/channel\/UCRzypVq0B_yBad5eGrwBx0Q?sub_confirmation=1\" target=\"_blank\" rel=\"noopener\">cha\u00eene YouTube<\/a> . <a href=\"https:\/\/www.youtube.com\/channel\/UCRzypVq0B_yBad5eGrwBx0Q?sub_confirmation=1\" target=\"_blank\" rel=\"noopener\">Abonnez-vous!<\/a><\/p>\n<div class=\"mvp-org-wrap\" itemprop=\"publisher\">\n<div class=\"mvp-org-logo\" itemprop=\"logo\"><img decoding=\"async\" src=\"https:\/\/www.tunisienumerique.com\/wp-content\/uploads\/2017\/02\/logo_tunisie_numerique.png\"\/><br \/>\n<meta itemprop=\"url\" content=\"https:\/\/www.tunisienumerique.com\/wp-content\/uploads\/2017\/02\/logo_tunisie_numerique.png\"\/><\/div>\n<p><meta content=\"Tunisie\"\/><\/div>\n<div class=\"mvp-related-posts left relative\">\n<h4 class=\"post-header\"><span class=\"post-header\">Lire aussi<\/span><\/h4>\n<\/div>\n<div id=\"article-ad\">\n <ins class=\"adsbygoogle c5\" data-ad-client=\"ca-pub-2102118777505746\" data-ad-slot=\"6513972734\" data-ad-format=\"auto\" data-full-width-responsive=\"true\"\/>\n<\/div>\n<\/div>\n<div id=\"post-sidebar-wrap\">\n <ins class=\"adsbygoogle c5\" data-ad-client=\"ca-pub-2102118777505746\" data-ad-slot=\"6168283410\" data-ad-format=\"auto\" data-full-width-responsive=\"true\"\/>\n<\/div>\n<p>Auteur: LM<br \/>\n<a href=\"https:\/\/www.tunisienumerique.com\/la-tunisie-est-un-pays-sur-et-litalie-va-lui-renvoyer-ses-migrants-clandestins\/\">Cliquez ici pour lire l&rsquo;article depuis sa source.<\/a><\/p>\n","protected":false},"excerpt":{"rendered":"<p>Par LM \u00a0| Il y a 24 secondes \ud83d\udd0a \u00c9coutez l&rsquo;article La ministre de l\u2019int\u00e9rieur italienne, Luciana Lamorgese, a assur\u00e9, lors d\u2019un d\u00e9placement en Sicile, que suite \u00e0 sa derni\u00e8re visite en Tunisie, en compagnie de la responsable europ\u00e9enne des affaires int\u00e9rieures, de grands progr\u00e8s ont \u00e9t\u00e9 atteints en rapport avec la gestion des migrants [&hellip;]<\/p>\n","protected":false},"author":1789,"featured_media":0,"comment_status":"closed","ping_status":"closed","sticky":false,"template":"","format":"standard","meta":{"fifu_image_url":"https:\/\/secure.gravatar.com\/avatar\/047123be9d5e8513774383916ee72db2?s=50&d=mm&r=g","fifu_image_alt":"La Tunisie est un pays s\u00fbr, et l\u2019Italie va lui renvoyer ses migrants clandestins","footnotes":""},"categories":[73,55],"tags":[],"class_list":["post-117502","post","type-post","status-publish","format-standard","hentry","category-actualite","category-tunisie"],"_links":{"self":[{"href":"https:\/\/linitiative.ca\/International\/wp-json\/wp\/v2\/posts\/117502","targetHints":{"allow":["GET"]}}],"collection":[{"href":"https:\/\/linitiative.ca\/International\/wp-json\/wp\/v2\/posts"}],"about":[{"href":"https:\/\/linitiative.ca\/International\/wp-json\/wp\/v2\/types\/post"}],"author":[{"embeddable":true,"href":"https:\/\/linitiative.ca\/International\/wp-json\/wp\/v2\/users\/1789"}],"replies":[{"embeddable":true,"href":"https:\/\/linitiative.ca\/International\/wp-json\/wp\/v2\/comments?post=117502"}],"version-history":[{"count":0,"href":"https:\/\/linitiative.ca\/International\/wp-json\/wp\/v2\/posts\/117502\/revisions"}],"wp:attachment":[{"href":"https:\/\/linitiative.ca\/International\/wp-json\/wp\/v2\/media?parent=117502"}],"wp:term":[{"taxonomy":"category","embeddable":true,"href":"https:\/\/linitiative.ca\/International\/wp-json\/wp\/v2\/categories?post=117502"},{"taxonomy":"post_tag","embeddable":true,"href":"https:\/\/linitiative.ca\/International\/wp-json\/wp\/v2\/tags?post=117502"}],"curies":[{"name":"wp","href":"https:\/\/api.w.org\/{rel}","templated":true}]}}