{"id":117503,"date":"2021-05-27T16:33:24","date_gmt":"2021-05-27T20:33:24","guid":{"rendered":"https:\/\/linitiative.ca\/International\/geneve-le-ministre-des-affaires-etrangeres-participe-a-la-session-durgence-du-conseil-des-droits-de-lhomme-sur-la-palestine\/"},"modified":"2021-05-27T16:33:24","modified_gmt":"2021-05-27T20:33:24","slug":"geneve-le-ministre-des-affaires-etrangeres-participe-a-la-session-durgence-du-conseil-des-droits-de-lhomme-sur-la-palestine","status":"publish","type":"post","link":"https:\/\/linitiative.ca\/International\/geneve-le-ministre-des-affaires-etrangeres-participe-a-la-session-durgence-du-conseil-des-droits-de-lhomme-sur-la-palestine\/","title":{"rendered":"Gen\u00e8ve: Le ministre des affaires \u00e9trang\u00e8res participe \u00e0 la session d\u2019urgence du Conseil des droits de l\u2019homme sur la Palestine"},"content":{"rendered":"<div class=\"post-cont-in left relative\">\n<div id=\"post-info-wrap\" class=\"left relative post-info-out\">\n<div class=\"post-info-img left relative\"><img decoding=\"async\" alt=\"\" src=\"https:\/\/secure.gravatar.com\/avatar\/ea481d7287ad38ca1787f44b5bb1b70e?s=50&amp;d=mm&amp;r=g\" srcset=\"https:\/\/secure.gravatar.com\/avatar\/ea481d7287ad38ca1787f44b5bb1b70e?s=100&amp;d=mm&amp;r=g 2x\" class=\"avatar avatar-50 photo\" height=\"50\" width=\"50\" loading=\"lazy\"\/><\/div>\n<div class=\"post-info-in\">\n<div class=\"post-info-right left relative post-info-name left relative\"><span><span class=\"post-info-text\">Par<\/span> <span class=\"author-name vcard fn author\"><a href=\"https:\/\/www.tunisienumerique.com\/author\/rania-ben-slimane\/\" title=\"Articles par rania ben slimane\" rel=\"author\">rania ben slimane<\/a><\/span><\/span> <span class=\"post-date updated\"><time class=\"post-date updated\" datetime=\"2021-05-27\">\u00a0| Il y a 26 secondes<\/time><\/span><br \/>\n<meta itemprop=\"dateModified\" content=\"2021-05-27\"\/><\/div>\n<div class=\"left relative\"><button id=\"listenButton1\" class=\"responsivevoice-button\" type=\"button\" value=\"Play\" title=\"\u00c9coutez l'article\"><span>\ud83d\udd0a \u00c9coutez l&rsquo;article<\/span><\/button>\n<\/div>\n<\/div>\n<\/div>\n<p>Le ministre des Affaires Etrang\u00e8res, Othmen Jerandi a particip\u00e9 \u00e0 la session d\u2019urgence du Conseil des droits de l\u2019homme tenue aujourd\u2019hui 27 mai 2021, sur l\u2019invitation du Groupe de coop\u00e9ration islamique \u00e0 Gen\u00e8ve, pour discuter des derniers d\u00e9veloppements de la territoires palestiniens occup\u00e9s.<\/p>\n<div class=\"code-block code-block-1 c4\">\n <ins class=\"adsbygoogle c3\" data-ad-layout=\"in-article\" data-ad-format=\"fluid\" data-ad-client=\"ca-pub-2102118777505746\" data-ad-slot=\"7301775417\"\/>\n<\/div>\n<p>La r\u00e9union a \u00e9t\u00e9 tenue en pr\u00e9sence d\u2019un certain nombre de ministres des affaires \u00e9trang\u00e8res des pays de la coop\u00e9ration islamique, notamment le ministre palestinien des affaires \u00e9trang\u00e8res et des expatri\u00e9s M. Riyad Al-Maliki.<\/p>\n<p>Dans son allocution, M. Jerandi a soulign\u00e9 que la r\u00e9cente escalade militaire des forces d\u2019occupation contre le peuple palestinien, notamment la profanation des lieux sacr\u00e9s, la d\u00e9portation massive et le d\u00e9placement forc\u00e9 des habitants des quartiers de Sheikh Jarrah et Silwan, n\u2019\u00e9tait rien d\u2019autre qu\u2019une nouvelle page noire ajout\u00e9e au dossier des crimes isra\u00e9liens qui n\u00e9cessitent un renvoi \u00e0 la Cour p\u00e9nale internationale.<\/p>\n<p>Il a \u00e9galement soulign\u00e9 que le cessez-le-feu qui a \u00e9t\u00e9 approuv\u00e9 dans les territoires palestiniens occup\u00e9s et dans la bande de Gaza n\u2019est pas une fin en soi, mais plut\u00f4t le point de d\u00e9part d\u2019un processus global et int\u00e9gr\u00e9 visant \u00e0 \u00e9tablir un processus de cessez-le-feu permanent comme condition pr\u00e9alable pour la reprise de n\u00e9gociations de paix s\u00e9rieuses dans un contexte de cr\u00e9dibilit\u00e9.<\/p>\n<p>En conclusion, M. Othmen a salu\u00e9 les efforts internationaux en cours pour calmer la situation et fournir des garanties de non-r\u00e9cidives de ces attaques afin d\u2019instaurer une paix durable, juste et globale qui mettrait fin \u00e0 l\u2019occupation et garantirait le recouvrement des droits du peuple palestinien fr\u00e8re, tels que son droit \u00e0 l\u2019autod\u00e9termination et \u00e0 la cr\u00e9ation de son \u00c9tat ind\u00e9pendant, avec Al-Quds Al-Sharif pour capitale.<\/p>\n<div class=\"swp_social_panel swp_horizontal_panel swp_flat_fresh swp_default_full_color swp_individual_full_color swp_other_full_color scale-100 scale-\" data-min-width=\"1100\" data-float-color=\"#ffffff\" data-float=\"bottom\" data-float-mobile=\"bottom\" data-transition=\"slide\">\n<div class=\"nc_tweetContainer swp_share_button total_shares total_sharesalt\"><span class=\"swp_count\">0 <span class=\"swp_label\">Partages<\/span><\/span><\/div>\n<\/div>\n<p><strong>Que se passe-t-il en Tunisie?<\/strong><br \/>Nous expliquons sur notre <a href=\"https:\/\/www.youtube.com\/channel\/UCRzypVq0B_yBad5eGrwBx0Q?sub_confirmation=1\" target=\"_blank\" rel=\"noopener\">cha\u00eene YouTube<\/a> . <a href=\"https:\/\/www.youtube.com\/channel\/UCRzypVq0B_yBad5eGrwBx0Q?sub_confirmation=1\" target=\"_blank\" rel=\"noopener\">Abonnez-vous!<\/a><\/p>\n<div class=\"mvp-org-wrap\" itemprop=\"publisher\">\n<div class=\"mvp-org-logo\" itemprop=\"logo\"><img decoding=\"async\" src=\"https:\/\/www.tunisienumerique.com\/wp-content\/uploads\/2017\/02\/logo_tunisie_numerique.png\"\/><br \/>\n<meta itemprop=\"url\" content=\"https:\/\/www.tunisienumerique.com\/wp-content\/uploads\/2017\/02\/logo_tunisie_numerique.png\"\/><\/div>\n<p><meta content=\"Tunisie\"\/><\/div>\n<div class=\"mvp-related-posts left relative\">\n<h4 class=\"post-header\"><span class=\"post-header\">Lire aussi<\/span><\/h4>\n<\/div>\n<div id=\"article-ad\">\n <ins class=\"adsbygoogle c5\" data-ad-client=\"ca-pub-2102118777505746\" data-ad-slot=\"6513972734\" data-ad-format=\"auto\" data-full-width-responsive=\"true\"\/>\n<\/div>\n<\/div>\n<div id=\"post-sidebar-wrap\">\n <ins class=\"adsbygoogle c5\" data-ad-client=\"ca-pub-2102118777505746\" data-ad-slot=\"6168283410\" data-ad-format=\"auto\" data-full-width-responsive=\"true\"\/>\n<\/div>\n<p>Auteur: rania ben slimane<br \/>\n<a href=\"https:\/\/www.tunisienumerique.com\/geneve-le-ministre-des-affaires-etrangeres-participe-a-la-session-durgence-du-conseil-des-droits-de-lhomme-sur-la-palestine\/\">Cliquez ici pour lire l&rsquo;article depuis sa source.<\/a><\/p>\n","protected":false},"excerpt":{"rendered":"<p>Par rania ben slimane \u00a0| Il y a 26 secondes \ud83d\udd0a \u00c9coutez l&rsquo;article Le ministre des Affaires Etrang\u00e8res, Othmen Jerandi a particip\u00e9 \u00e0 la session d\u2019urgence du Conseil des droits de l\u2019homme tenue aujourd\u2019hui 27 mai 2021, sur l\u2019invitation du Groupe de coop\u00e9ration islamique \u00e0 Gen\u00e8ve, pour discuter des derniers d\u00e9veloppements de la territoires palestiniens [&hellip;]<\/p>\n","protected":false},"author":1789,"featured_media":0,"comment_status":"closed","ping_status":"closed","sticky":false,"template":"","format":"standard","meta":{"fifu_image_url":"https:\/\/secure.gravatar.com\/avatar\/ea481d7287ad38ca1787f44b5bb1b70e?s=50&d=mm&r=g","fifu_image_alt":"Gen\u00e8ve: Le ministre des affaires \u00e9trang\u00e8res participe \u00e0 la session d\u2019urgence du Conseil des droits de l\u2019homme sur la Palestine","footnotes":""},"categories":[73,55],"tags":[],"class_list":["post-117503","post","type-post","status-publish","format-standard","hentry","category-actualite","category-tunisie"],"_links":{"self":[{"href":"https:\/\/linitiative.ca\/International\/wp-json\/wp\/v2\/posts\/117503","targetHints":{"allow":["GET"]}}],"collection":[{"href":"https:\/\/linitiative.ca\/International\/wp-json\/wp\/v2\/posts"}],"about":[{"href":"https:\/\/linitiative.ca\/International\/wp-json\/wp\/v2\/types\/post"}],"author":[{"embeddable":true,"href":"https:\/\/linitiative.ca\/International\/wp-json\/wp\/v2\/users\/1789"}],"replies":[{"embeddable":true,"href":"https:\/\/linitiative.ca\/International\/wp-json\/wp\/v2\/comments?post=117503"}],"version-history":[{"count":0,"href":"https:\/\/linitiative.ca\/International\/wp-json\/wp\/v2\/posts\/117503\/revisions"}],"wp:attachment":[{"href":"https:\/\/linitiative.ca\/International\/wp-json\/wp\/v2\/media?parent=117503"}],"wp:term":[{"taxonomy":"category","embeddable":true,"href":"https:\/\/linitiative.ca\/International\/wp-json\/wp\/v2\/categories?post=117503"},{"taxonomy":"post_tag","embeddable":true,"href":"https:\/\/linitiative.ca\/International\/wp-json\/wp\/v2\/tags?post=117503"}],"curies":[{"name":"wp","href":"https:\/\/api.w.org\/{rel}","templated":true}]}}