{"id":117507,"date":"2021-05-27T15:20:19","date_gmt":"2021-05-27T19:20:19","guid":{"rendered":"https:\/\/linitiative.ca\/International\/manifs-violentes-de-scolaires-contre-les-reformes-des-examens-scolaires\/"},"modified":"2021-05-27T15:20:19","modified_gmt":"2021-05-27T19:20:19","slug":"manifs-violentes-de-scolaires-contre-les-reformes-des-examens-scolaires","status":"publish","type":"post","link":"https:\/\/linitiative.ca\/International\/manifs-violentes-de-scolaires-contre-les-reformes-des-examens-scolaires\/","title":{"rendered":"MANIFS VIOLENTES DE SCOLAIRES CONTRE LES REFORMES DES EXAMENS SCOLAIRES  \u00a0"},"content":{"rendered":"<p class=\"c4\"><em>J\u2019ai appris que des \u00e9l\u00e8ves du Lyc\u00e9e Philippe Zinda Kabor\u00e9, visiblement remont\u00e9s contre les r\u00e9formes des examens scolaires, ont manifest\u00e9 la semaine derni\u00e8re. Dans leur furie, ils ont saccag\u00e9 la salle d\u2019informatique et vandalis\u00e9 le v\u00e9hicule de leur proviseur. Pour quelle raison\u00a0? Difficile de r\u00e9pondre \u00e0 cette question. Pour le moins, je sais que les autorit\u00e9s ont d\u00e9cid\u00e9 de fermer ledit \u00e9tablissement jusqu\u2019\u00e0 nouvel ordre. Pas plus pour le moment m\u00eame si parall\u00e8lement, j\u2019ai appris qu\u2019une dizaine d\u2019\u00e9l\u00e8ves auditionn\u00e9s par le parquet, ont \u00e9t\u00e9 d\u00e9pos\u00e9s \u00e0 la Maison d\u2019arr\u00eat et de correction de Ouagadougou (MACO) en attendant d\u2019\u00eatre situ\u00e9s sur leur sort. Voyez-vous\u00a0? Chers amis, j\u2019avoue que j\u2019ai personnellement peur pour l\u2019avenir de ce pays. Je le dis parce que j\u2019ai du mal \u00e0 admettre que des \u00e9l\u00e8ves qui incarnent l\u2019espoir de demain, puissent se livrer \u00e0 des comportements d\u2019une extr\u00eame violence au point m\u00eame de s\u2019en prendre \u00e0 leurs enseignants. Je me demande combien de fois Philippe Zinda Kabor\u00e9 qui fut une ic\u00f4ne dans ce pays, a d\u00fb se retourner dans sa tombe en entendant que des \u00e9l\u00e8ves d\u2019un lyc\u00e9e qui porte son nom, se sont comport\u00e9s en voyous. C\u2019est tout simplement regrettable. Comme je l\u2019ai toujours dit, je ne suis pas personnellement contre les gr\u00e8ves. C\u2019est un droit. Mais je suis contre les actes de violence qui accompagnent souvent les manifs scolaires. Pourtant, quand on manifeste, on n\u2019a pas besoin de faire des casses ou de vandaliser des \u00e9difices publics ou priv\u00e9s pour se faire entendre. Bien au contraire. Car, tr\u00e8s souvent, quand il y a des sc\u00e8nes de violence, cela d\u00e9cr\u00e9dibilise les manifestants qui, du coup, perdent la sympathie de l\u2019opinion.<\/em><\/p>\n<p class=\"c4\"><em>\u00a0<\/em><\/p>\n<p class=\"c6\"><strong><em>Je n\u2019entre pas dans le d\u00e9bat entre sp\u00e9cialistes<\/em><\/strong><\/p>\n<p class=\"c4\"><em>\u00a0<\/em><\/p>\n<p class=\"c4\"><em>C\u2019est pourquoi je souhaite, \u00a0pour ce qui est du cas du Zinda, que des sanctions soient prises \u00e0 l\u2019encontre des meneurs pour que cela serve d\u2019exemple \u00e0 d\u2019autres apprentis sorciers qui suivent la situation de tr\u00e8s pr\u00e8s. Quant aux autorit\u00e9s judiciaires, je leur demande de dire le droit afin que force reste \u00e0 la loi. Car, dans ce pays-l\u00e0, on a parfois le f\u00e2cheux sentiment que certains individus se croient tout permis si fait qu\u2019ils en font \u00e0 leur t\u00eate. Je veux que prenne fin ce sentiment de pleine assurance qui ne repose sur rien et qui alimente l\u2019incivisme dans notre pays. Encore une fois, je choisis de ne pas me prononcer sur la pertinence ou non des r\u00e9formes des examens scolaires puisque je fais le constat que les sp\u00e9cialistes m\u00eame de l\u2019\u00e9ducation sont divis\u00e9s l\u00e0-dessus. En effet, pendant que les uns les approuvent, il y en a qui les rejettent avec force. Je n\u2019entre pas dans ce d\u00e9bat entre sp\u00e9cialistes. Mais je m\u2019int\u00e9resse seulement aux manifs scolaires et \u00e0 leurs cons\u00e9quences. D\u00e9j\u00e0, en plus des actes de violence constat\u00e9s \u00e7\u00e0 et l\u00e0, l\u2019on d\u00e9plore au total deux morts et de nombreux bless\u00e9s \u00e0 travers le territoire national. N\u2019est-ce pas assez pour nous pousser tous \u00e0 une v\u00e9ritable introspection\u00a0? Je souhaite que chacun de nous (parents d\u2019\u00e9l\u00e8ves, encadreurs p\u00e9dagogiques, enseignants, \u00e9l\u00e8ves) essaie de r\u00e9pondre \u00e0 cette question pour qu\u2019ensemble, l\u2019on puisse sauver ce qui peut l\u2019\u00eatre encore. Car, \u00e0 l\u2019allure o\u00f9 vont les choses, le r\u00e9veil, si rien n\u2019est fait, risque d\u2019\u00eatre tr\u00e8s douloureux pour nous tous.<\/em><\/p>\n<p class=\"c4\"><em>\u00a0<\/em><\/p>\n<p class=\"c6\"><strong><em>\u00ab\u00a0Le Fou\u00a0\u00bb<\/em><\/strong><\/p>\n<p>Auteur: Editions LEPAYS<br \/>\n<a href=\"https:\/\/lepays.bf\/manifs-violentes-de-scolaires-contre-les-reformes-des-examens-scolaires\/\">Cliquez ici pour lire l&rsquo;article depuis sa source.<\/a><\/p>\n","protected":false},"excerpt":{"rendered":"<p>J\u2019ai appris que des \u00e9l\u00e8ves du Lyc\u00e9e Philippe Zinda Kabor\u00e9, visiblement remont\u00e9s contre les r\u00e9formes des examens scolaires, ont manifest\u00e9 la semaine derni\u00e8re. Dans leur furie, ils ont saccag\u00e9 la salle d\u2019informatique et vandalis\u00e9 le v\u00e9hicule de leur proviseur. Pour quelle raison\u00a0? Difficile de r\u00e9pondre \u00e0 cette question. Pour le moins, je sais que les [&hellip;]<\/p>\n","protected":false},"author":1813,"featured_media":0,"comment_status":"closed","ping_status":"closed","sticky":false,"template":"","format":"standard","meta":{"fifu_image_url":"","fifu_image_alt":"","footnotes":""},"categories":[73,81],"tags":[],"class_list":["post-117507","post","type-post","status-publish","format-standard","hentry","category-actualite","category-burkina-faso"],"_links":{"self":[{"href":"https:\/\/linitiative.ca\/International\/wp-json\/wp\/v2\/posts\/117507","targetHints":{"allow":["GET"]}}],"collection":[{"href":"https:\/\/linitiative.ca\/International\/wp-json\/wp\/v2\/posts"}],"about":[{"href":"https:\/\/linitiative.ca\/International\/wp-json\/wp\/v2\/types\/post"}],"author":[{"embeddable":true,"href":"https:\/\/linitiative.ca\/International\/wp-json\/wp\/v2\/users\/1813"}],"replies":[{"embeddable":true,"href":"https:\/\/linitiative.ca\/International\/wp-json\/wp\/v2\/comments?post=117507"}],"version-history":[{"count":0,"href":"https:\/\/linitiative.ca\/International\/wp-json\/wp\/v2\/posts\/117507\/revisions"}],"wp:attachment":[{"href":"https:\/\/linitiative.ca\/International\/wp-json\/wp\/v2\/media?parent=117507"}],"wp:term":[{"taxonomy":"category","embeddable":true,"href":"https:\/\/linitiative.ca\/International\/wp-json\/wp\/v2\/categories?post=117507"},{"taxonomy":"post_tag","embeddable":true,"href":"https:\/\/linitiative.ca\/International\/wp-json\/wp\/v2\/tags?post=117507"}],"curies":[{"name":"wp","href":"https:\/\/api.w.org\/{rel}","templated":true}]}}