{"id":117508,"date":"2021-05-27T15:27:20","date_gmt":"2021-05-27T19:27:20","guid":{"rendered":"https:\/\/linitiative.ca\/International\/apathie-du-peuple-malien-face-au-coup-de-force-contre-la-transition\/"},"modified":"2021-05-27T15:27:20","modified_gmt":"2021-05-27T19:27:20","slug":"apathie-du-peuple-malien-face-au-coup-de-force-contre-la-transition","status":"publish","type":"post","link":"https:\/\/linitiative.ca\/International\/apathie-du-peuple-malien-face-au-coup-de-force-contre-la-transition\/","title":{"rendered":"APATHIE DU PEUPLE MALIEN FACE AU COUP DE FORCE CONTRE LA TRANSITION  \u00a0"},"content":{"rendered":"<p class=\"c4\"><em>Quatre jours apr\u00e8s le coup de force du Colonel Assimi Go\u00efta contre la Transition, les Maliens sont dans l\u2019expectative de savoir qui sera leur nouveau berger. Ce d\u2019autant que l\u2019imp\u00e9nitent putschiste d\u2019ao\u00fbt 2020 qui s\u2019\u00e9tait mis en embuscade \u00e0 la vice-pr\u00e9sidence de la Transition, a fini par obtenir la d\u00e9mission du pr\u00e9sident Bah N\u2019Daw et de son Premier ministre Moctar Ouane. D\u00e9mission qui semblait le seul s\u00e9same capable de leur ouvrir les portes des \u00ab\u00a0ge\u00f4les\u00a0\u00bb de la d\u00e9sormais tristement c\u00e9l\u00e8bre\u00a0 garnison de Kati o\u00f9 ils \u00e9taient d\u00e9tenus depuis leur arrestation le 24 mai dernier. La preuve\u00a0: dans la foul\u00e9e de cette d\u00e9mission qui met de facto les deux principales t\u00eates de l\u2019Ex\u00e9cutif hors jeu, l\u2019ex-chef de l\u2019Etat int\u00e9rimaire et son Premier ministre ont \u00e9t\u00e9 lib\u00e9r\u00e9s nuitamment pour, peut-on dire, \u00e9viter d\u2019effaroucher outre mesure la communaut\u00e9 internationale qui en faisait une exigence inconditionnelle tout en brandissant la menace de sanctions.\u00a0 Maintenant que le jeune colonel a fait le m\u00e9nage pour se placer en seul homme fort de la Transition, on attend de voir dans quel sens il va la conduire.<\/em><\/p>\n<p class=\"c4\"><em>\u00a0<\/em><\/p>\n<p class=\"c6\"><strong><em>On n\u2019ose pas croire que le peuple malien ne voit pas la menace qui plane sur la d\u00e9mocratie dans son pays<\/em><\/strong><\/p>\n<p class=\"c6\"><strong><em>\u00a0<\/em><\/strong><\/p>\n<p class=\"c4\"><em>\u00a0<\/em><em>Car, il est \u00e0 pr\u00e9sent clair que c\u2019est malgr\u00e9 lui que Assimi Go\u00efta avait accept\u00e9 de porter des civils \u00e0 la t\u00eate de la Transition comme l\u2019exigeait la communaut\u00e9 internationale, notamment la CEDEAO qui n\u2019avait lev\u00e9 son \u00e9touffant blocus \u00e9conomique que lorsque les tombeurs d\u2019Ibrahim Boubacar K\u00e9\u00efta (IBK) avaient donn\u00e9 des gages de leur bonne foi. Mais tout porte \u00e0 croire que ragaillardi par le pr\u00e9c\u00e9dent tchadien, le pr\u00e9sident du Comit\u00e9 national pour le salut du peuple (CNSP) a d\u00e9cid\u00e9 de s\u2019assumer pleinement en trouvant des artifices pour reprendre le pouvoir. S\u2019il se veut le seul ma\u00eetre \u00e0 bord, la question est de savoir s\u2019il saura r\u00e9ussir l\u00e0 o\u00f9 il accuse par exemple Bah N\u2019Daw et son Premier ministre d\u2019avoir \u00e9chou\u00e9 dans les n\u00e9gociations avec les syndicats. En tout cas, en attendant de voir l\u2019aboutissement de la m\u00e9diation de la CEDEAO, on serait curieux de voir quelle recette il sortira de son b\u00e9ret pour calmer le front social, les syndicats ayant suspendu leur mot d\u2019ordre de gr\u00e8ve. C\u2019est le lieu d\u2019interpeller le peuple malien sur sa responsabilit\u00e9 historique face aux m\u00e9lodrames successifs qui se jouent au sommet de l\u2019Etat et qui semblent le laisser pourtant de marbre. Deux coups d\u2019Etat en neuf mois, c\u2019est quel pays \u00e7a ? Pour un peuple qui aspire \u00e0 la d\u00e9mocratie, il y a de quoi s\u2019interroger sur cette apathie des Maliens aux allures de r\u00e9signation face \u00e0 ce qui ressemble \u00e0 une prise en otage en r\u00e8gle des institutions de la R\u00e9publique.\u00a0 Et l\u2019on n\u2019ose pas croire que le peuple malien ne voit pas la menace qui plane sur la d\u00e9mocratie dans son pays. \u00a0<\/em> <em>Mais comme le dit l\u2019adage, \u00ab\u00a0l\u2019esclave m\u00e9rite ses cha\u00eenes\u00a0\u00bb. Et si Assimi Go\u00efta a os\u00e9 limoger son sup\u00e9rieur hi\u00e9rarchique pour se placer en homme fort de la Transition, ce n\u2019est certainement pas pour reculer dans sa volont\u00e9 de s\u2019accaparer du pouvoir et de tout le pouvoir si rien n\u2019est fait pour l\u2019arr\u00eater \u00e0 temps. C\u2019est pourquoi le peuple malien doit se r\u00e9veiller. Car, il a son mot \u00e0 dire. C\u2019est lui et lui seul qui peut d\u2019abord et avant tout d\u00e9cider de son avenir.<\/em><\/p>\n<p class=\"c4\"><em>\u00a0<\/em><\/p>\n<p class=\"c6\"><strong><em>Tant que Kati existera, le Mali ne conna\u00eetra jamais la paix ni la d\u00e9mocratie<\/em><\/strong><\/p>\n<p class=\"c4\"><em>\u00a0<\/em><\/p>\n<p class=\"c4\"><em>\u00a0<\/em><\/p>\n<p class=\"c4\"><em>Mais s\u2019il croit na\u00efvement que ces hommes en kaki, qui s\u2019\u00e9tripent \u00e0 Bamako pour le pouvoir pendant que des soldats d\u2019autres nations meurent au front pour la d\u00e9fense de la patrie, sont l\u00e0 pour r\u00e9gler ses probl\u00e8mes, il n\u2019aura que ses yeux pour pleurer. Car, jamais un coup d\u2019Etat n\u2019a amen\u00e9 la prosp\u00e9rit\u00e9 au peuple malien. De Moussa Traor\u00e9 \u00e0 Amadou Haya Sanogo, c\u2019est une rivi\u00e8re de larmes et de sang et un chapelet de souffrances qui lui ont jusque l\u00e0 \u00e9t\u00e9 servis \u00e0 tel point qu\u2019il ne sait plus \u00a0\u00e0 quel dirigeant se fier. Et Assimi Go\u00efta et ses camarades ne feront pas exception. Au mieux, ils se contenteront d\u2019une gestion clanique du pouvoir en travaillant \u00e0 la pr\u00e9servation de leurs int\u00e9r\u00eats. Au pire, c\u2019est une dictature f\u00e9roce aux exhalaisons naus\u00e9abondes, qui pourrait s\u2019abattre sur le peuple malien, \u00e0 l\u2019image de toutes ces horreurs de charniers qu\u2019on a pu d\u00e9couvrir \u00e0 la chute de Amadou Haya Sanogo. C\u2019est dire si tant que les militaires resteront accroch\u00e9s au pouvoir, l\u2019incertitude continuera \u00e0 planer sur la Transition au Mali. De m\u00eame, tout porte \u00e0 croire que tant que Kati existera, le Mali ne conna\u00eetra jamais la paix ni la d\u00e9mocratie. Et si la communaut\u00e9 internationale, dans ses tergiversations, venait \u00e0 \u00e9chouer dans sa m\u00e9diation et dans ses sanctions, le retour \u00e0 l\u2019ordre constitutionnel normal sur les bords du fleuve Djoliba, pourrait alors s\u00e9rieusement prendre les allures d\u2019une arl\u00e9sienne.<\/em><\/p>\n<p class=\"c4\"><em>\u00a0<\/em><\/p>\n<p class=\"c6\"><strong><em>\u00ab\u00a0Le Pays\u00a0\u00bb<\/em><\/strong><\/p>\n<p class=\"c4\"><em>\u00a0<\/em><\/p>\n<p class=\"c4\"><em>\u00a0<\/em><\/p>\n<p>Auteur: Editions LEPAYS<br \/>\n<a href=\"https:\/\/lepays.bf\/apathie-du-peuple-malien-face-au-coup-de-force-contre-la-transition\/\">Cliquez ici pour lire l&rsquo;article depuis sa source.<\/a><\/p>\n","protected":false},"excerpt":{"rendered":"<p>Quatre jours apr\u00e8s le coup de force du Colonel Assimi Go\u00efta contre la Transition, les Maliens sont dans l\u2019expectative de savoir qui sera leur nouveau berger. Ce d\u2019autant que l\u2019imp\u00e9nitent putschiste d\u2019ao\u00fbt 2020 qui s\u2019\u00e9tait mis en embuscade \u00e0 la vice-pr\u00e9sidence de la Transition, a fini par obtenir la d\u00e9mission du pr\u00e9sident Bah N\u2019Daw et [&hellip;]<\/p>\n","protected":false},"author":1813,"featured_media":0,"comment_status":"closed","ping_status":"closed","sticky":false,"template":"","format":"standard","meta":{"fifu_image_url":"","fifu_image_alt":"","footnotes":""},"categories":[73,81],"tags":[],"class_list":["post-117508","post","type-post","status-publish","format-standard","hentry","category-actualite","category-burkina-faso"],"_links":{"self":[{"href":"https:\/\/linitiative.ca\/International\/wp-json\/wp\/v2\/posts\/117508","targetHints":{"allow":["GET"]}}],"collection":[{"href":"https:\/\/linitiative.ca\/International\/wp-json\/wp\/v2\/posts"}],"about":[{"href":"https:\/\/linitiative.ca\/International\/wp-json\/wp\/v2\/types\/post"}],"author":[{"embeddable":true,"href":"https:\/\/linitiative.ca\/International\/wp-json\/wp\/v2\/users\/1813"}],"replies":[{"embeddable":true,"href":"https:\/\/linitiative.ca\/International\/wp-json\/wp\/v2\/comments?post=117508"}],"version-history":[{"count":0,"href":"https:\/\/linitiative.ca\/International\/wp-json\/wp\/v2\/posts\/117508\/revisions"}],"wp:attachment":[{"href":"https:\/\/linitiative.ca\/International\/wp-json\/wp\/v2\/media?parent=117508"}],"wp:term":[{"taxonomy":"category","embeddable":true,"href":"https:\/\/linitiative.ca\/International\/wp-json\/wp\/v2\/categories?post=117508"},{"taxonomy":"post_tag","embeddable":true,"href":"https:\/\/linitiative.ca\/International\/wp-json\/wp\/v2\/tags?post=117508"}],"curies":[{"name":"wp","href":"https:\/\/api.w.org\/{rel}","templated":true}]}}