{"id":117509,"date":"2021-05-27T15:35:58","date_gmt":"2021-05-27T19:35:58","guid":{"rendered":"https:\/\/linitiative.ca\/International\/refus-de-la-france-de-presenter-des-excuses-au-rwanda\/"},"modified":"2021-05-27T15:35:58","modified_gmt":"2021-05-27T19:35:58","slug":"refus-de-la-france-de-presenter-des-excuses-au-rwanda","status":"publish","type":"post","link":"https:\/\/linitiative.ca\/International\/refus-de-la-france-de-presenter-des-excuses-au-rwanda\/","title":{"rendered":"REFUS DE LA FRANCE DE PRESENTER DES EXCUSES AU RWANDA"},"content":{"rendered":"<p class=\"c4\"><em>Le pr\u00e9sident fran\u00e7ais, Emmanuel Macron, \u00e9tait le 27 mai dernier au Rwanda. Il est seulement le deuxi\u00e8me locataire de l\u2019Elys\u00e9e \u00e0 se rendre dans ce pays depuis le g\u00e9nocide des Tutsis en 1994. Avant Macron, Nicolas Sarkozy \u00e9tait le seul pr\u00e9sident de la France \u00e0 s\u2019\u00eatre rendu \u00e0 Kigali depuis le g\u00e9nocide de 1994.\u00a0 A cette occasion, il avait reconnu de \u00ab\u00a0 graves erreurs\u00a0\u00bb et \u00ab\u00a0 une forme d\u2019aveuglement\u00a0\u00bb des autorit\u00e9s fran\u00e7aises. Ces propos, qui constituent une rupture avec la posture de la France vis-\u00e0-vis du g\u00e9nocide rwandais \u00e0 l\u2019\u00e9poque de Mitterrand et de Jacques Chirac, n\u2019\u00e9taient pourtant pas parvenus \u00e0 normaliser les relations avec le Rwanda. Fran\u00e7ois Hollande, le successeur de Sarkozy, n\u2019a pas daign\u00e9 approfondir le sillon trac\u00e9 par ce dernier. Car, le socialiste qu\u2019il \u00e9tait, ne pouvait se livrer \u00e0 cet exercice sans prendre le risque d\u2019\u00e9corcher l\u2019image de Fran\u00e7ois Mitterrand qui, \u00e0 l\u2019\u00e9poque des faits, \u00e9tait le pr\u00e9sident de la France. Apr\u00e8s Fran\u00e7ois Hollande, un certain Emmanuel Macron fut port\u00e9 \u00e0 la t\u00eate de la France. D\u00e8s le d\u00e9but du quinquennat, il engagea une s\u00e9rie d\u2019initiatives pour normaliser les relations entre les deux capitales. La derni\u00e8re d\u2019entre elles fut la publication, en mars dernier, du rapport Duclert, consacr\u00e9 au r\u00f4le de l\u2019Hexagone dans la survenue du g\u00e9nocide rwandais. Ce rapport conclut aux \u00ab\u00a0responsabilit\u00e9s lourdes et accablantes de la France\u00a0\u00bb et \u00e0 l\u2019\u00a0\u00ab\u00a0aveuglement\u00a0\u00bb du pr\u00e9sident socialiste de l\u2019\u00e9poque, Fran\u00e7ois Mitterrand. A propos de ce rapport, Paul Kagame avait dit ceci\u00a0: \u00ab\u00a0Aujourd\u2019hui, nous avons fait 85% \u00e0 90% du travail pour normaliser les choses, et\u00a0 je ne pense pas qu\u2019il faille perdre du temps sur les\u00a0 10% ou 15% restants\u00a0\u00bb. Ces propos ont, de toute \u00e9vidence, encourag\u00e9 Emmanuel Macron, \u00e0 fouler pour la premi\u00e8re fois le sol rwandais.<\/em><\/p>\n<p class=\"c4\"><em>\u00a0<\/em><\/p>\n<p class=\"c4\"><em>\u00a0<\/em><\/p>\n<p class=\"c6\"><strong><em>Macron a marqu\u00e9 un grand\u00a0 coup via son discours<\/em><\/strong><\/p>\n<p class=\"c6\"><strong><em>\u00a0<\/em><\/strong><\/p>\n<p class=\"c4\"><em>\u00a0<\/em><\/p>\n<p class=\"c4\"><em>Car, l\u2019homme mince de Kigali, avant l\u2019av\u00e8nement de celui qui n\u2019avait que 17 ans \u00e0 l\u2019\u00e9poque des faits, avait toujours eu la dent dure contre la France pour le r\u00f4le trouble qu\u2019ont jou\u00e9 ses dirigeants avant, pendant et apr\u00e8s le g\u00e9nocide. Macron donc, aux yeux de Paul Kagame, se distingue de ses pr\u00e9d\u00e9cesseurs dans la perception du g\u00e9nocide. Et bien des observateurs de la diplomatie de la France sous Macron, ont fait le m\u00eame constat. De ce point de vue, l\u2019on pouvait logiquement s\u2019attendre \u00e0 ce que, le 27 mai, au m\u00e9morial de Gisozi, il aille au-del\u00e0 des conclusions du rapport Duclert, en pr\u00e9sentant purement et simplement les excuses de son pays, au Rwanda. Jupiter n\u2019a pas os\u00e9 franchir ce dernier pas. Il n\u2019a pas non plus reconnu la complicit\u00e9 de son pays. Il s\u2019est content\u00e9 de reconna\u00eetre la responsabilit\u00e9 de la France, notamment la part de souffrance qu\u2019elle a inflig\u00e9e \u00a0au peuple rwandais \u00ab\u00a0en faisant trop longtemps pr\u00e9valoir le silence sur l\u2019examen de v\u00e9rit\u00e9\u00a0\u00bb. Certes, le mot \u00ab\u00a0excuse\u00a0\u00bb n\u2019a pas \u00e9t\u00e9 prononc\u00e9 mais c\u2019est tout comme. D\u2019o\u00f9 la satisfaction de Paul Kagam\u00e9. Et il l\u2019a exprim\u00e9e en ces termes\u00a0: le discours de Macron a \u00ab\u00a0plus de valeur que des excuses\u00a0\u00bb. Au passage, il a \u00e9voqu\u00e9 le \u00ab\u00a0courage immense\u00a0\u00bb de son homologue fran\u00e7ais.\u00a0 De Gaulle avait marqu\u00e9 l\u2019histoire de la France par son\u00a0 appel du 18 juin 1940, Fran\u00e7ois Mitterrand par le discours de La Baule du 20 juin 1990. L\u2019on peut d\u00e9sormais se permettre de dire que Emmanuel Macron, par son discours du 27 mai 2021, au m\u00e9morial de Gisozi, est entr\u00e9 dans l\u2019histoire de la France. Mais de l\u00e0 \u00e0 dire que par l\u00e0, il a vid\u00e9 tout le contentieux entre la France et le Rwanda, il y a un pas qu\u2019il faut se garder de franchir. Car, il existe encore de pr\u00e9sum\u00e9s g\u00e9nocidaires qui se la coulent douce sur le territoire fran\u00e7ais.\u00a0 Il est vrai que Macron a promis de poursuivre \u00ab\u00a0l\u2019\u0153uvre de justice\u00a0\u00bb. Mais l\u2019on attend de voir la suite pour mesurer son degr\u00e9 de sinc\u00e9rit\u00e9.\u00a0 Mais d\u2019ores et d\u00e9j\u00e0, l\u2019on peut dire que Emmanuel Macron a marqu\u00e9 un grand\u00a0 coup via son discours. D\u2019abord, il a re\u00e7u le satisfecit de l\u2019homme mince de Kigali\u00a0; ce qui n\u2019\u00e9tait pas gagn\u00e9 d\u2019avance. Deuxi\u00e8mement, il a r\u00e9ussi le tour\u00a0 de force de ne pas irriter une partie de l\u2019opinion fran\u00e7aise en \u00e9vitant habilement d\u2019employer le mot \u00ab\u00a0excuse\u00a0\u00bb. Ne dit-on pas, en effet, que \u00ab\u00a0qui s\u2019excuse s\u2019accuse\u00a0\u00bb\u00a0? Enfin, l\u2019histoire retiendra qu\u2019il est le pr\u00e9sident de la France qui a r\u00e9ussi l\u2019exploit de positionner s\u00e9rieusement son pays sur voie de la normalisation avec le Rwanda. Et la cerise sur le g\u00e2teau serait de parvenir dans les meilleurs d\u00e9lais, \u00e0 amener Kagame \u00e0 civiliser son r\u00e9gime dans le domaine des droits humains.<\/em><\/p>\n<p class=\"c4\"><em>\u00a0<\/em><\/p>\n<p class=\"c6\"><strong><em>Pousdem PICKOU<\/em><\/strong><\/p>\n<p class=\"c6\"><strong><em>\u00a0<\/em><\/strong><\/p>\n<p>Auteur: Editions LEPAYS<br \/>\n<a href=\"https:\/\/lepays.bf\/refus-de-la-france-de-presenter-des-excuses-au-rwanda\/\">Cliquez ici pour lire l&rsquo;article depuis sa source.<\/a><\/p>\n","protected":false},"excerpt":{"rendered":"<p>Le pr\u00e9sident fran\u00e7ais, Emmanuel Macron, \u00e9tait le 27 mai dernier au Rwanda. Il est seulement le deuxi\u00e8me locataire de l\u2019Elys\u00e9e \u00e0 se rendre dans ce pays depuis le g\u00e9nocide des Tutsis en 1994. Avant Macron, Nicolas Sarkozy \u00e9tait le seul pr\u00e9sident de la France \u00e0 s\u2019\u00eatre rendu \u00e0 Kigali depuis le g\u00e9nocide de 1994.\u00a0 A [&hellip;]<\/p>\n","protected":false},"author":1813,"featured_media":0,"comment_status":"closed","ping_status":"closed","sticky":false,"template":"","format":"standard","meta":{"fifu_image_url":"","fifu_image_alt":"","footnotes":""},"categories":[73,81],"tags":[],"class_list":["post-117509","post","type-post","status-publish","format-standard","hentry","category-actualite","category-burkina-faso"],"_links":{"self":[{"href":"https:\/\/linitiative.ca\/International\/wp-json\/wp\/v2\/posts\/117509","targetHints":{"allow":["GET"]}}],"collection":[{"href":"https:\/\/linitiative.ca\/International\/wp-json\/wp\/v2\/posts"}],"about":[{"href":"https:\/\/linitiative.ca\/International\/wp-json\/wp\/v2\/types\/post"}],"author":[{"embeddable":true,"href":"https:\/\/linitiative.ca\/International\/wp-json\/wp\/v2\/users\/1813"}],"replies":[{"embeddable":true,"href":"https:\/\/linitiative.ca\/International\/wp-json\/wp\/v2\/comments?post=117509"}],"version-history":[{"count":0,"href":"https:\/\/linitiative.ca\/International\/wp-json\/wp\/v2\/posts\/117509\/revisions"}],"wp:attachment":[{"href":"https:\/\/linitiative.ca\/International\/wp-json\/wp\/v2\/media?parent=117509"}],"wp:term":[{"taxonomy":"category","embeddable":true,"href":"https:\/\/linitiative.ca\/International\/wp-json\/wp\/v2\/categories?post=117509"},{"taxonomy":"post_tag","embeddable":true,"href":"https:\/\/linitiative.ca\/International\/wp-json\/wp\/v2\/tags?post=117509"}],"curies":[{"name":"wp","href":"https:\/\/api.w.org\/{rel}","templated":true}]}}