{"id":117511,"date":"2021-05-26T20:14:04","date_gmt":"2021-05-27T00:14:04","guid":{"rendered":"https:\/\/linitiative.ca\/International\/conseil-national-de-leconomie-informelle-le-soutien-du-bureau-international-du-travail\/"},"modified":"2021-05-26T20:14:04","modified_gmt":"2021-05-27T00:14:04","slug":"conseil-national-de-leconomie-informelle-le-soutien-du-bureau-international-du-travail","status":"publish","type":"post","link":"https:\/\/linitiative.ca\/International\/conseil-national-de-leconomie-informelle-le-soutien-du-bureau-international-du-travail\/","title":{"rendered":"Conseil national de l\u2019\u00e9conomie informelle : Le soutien du Bureau international  du travail"},"content":{"rendered":"<div class=\"td-post-featured-image\">\n<figure><a href=\"https:\/\/www.sidwaya.info\/wp-content\/uploads\/2021\/05\/bit.jpg\" data-caption=\"Le bureau du conseil s\u2019est engag\u00e9 \u00e0 \u00eatre le fer de lance dans la mise en \u0153uvre de la strat\u00e9gie.\"><img loading=\"lazy\" decoding=\"async\" width=\"696\" height=\"431\" class=\"entry-thumb td-modal-image\" src=\"https:\/\/www.sidwaya.info\/wp-content\/uploads\/2021\/05\/bit-696x431.jpg\" srcset=\"https:\/\/www.sidwaya.info\/wp-content\/uploads\/2021\/05\/bit-696x431.jpg 696w, https:\/\/www.sidwaya.info\/wp-content\/uploads\/2021\/05\/bit-300x186.jpg 300w, https:\/\/www.sidwaya.info\/wp-content\/uploads\/2021\/05\/bit-768x476.jpg 768w, https:\/\/www.sidwaya.info\/wp-content\/uploads\/2021\/05\/bit-150x93.jpg 150w, https:\/\/www.sidwaya.info\/wp-content\/uploads\/2021\/05\/bit-678x420.jpg 678w, https:\/\/www.sidwaya.info\/wp-content\/uploads\/2021\/05\/bit-356x220.jpg 356w, https:\/\/www.sidwaya.info\/wp-content\/uploads\/2021\/05\/bit.jpg 780w\" sizes=\"auto, (max-width: 696px) 100vw, 696px\" alt=\"\" title=\"bit\"\/><\/a><figcaption class=\"wp-caption-text\">Le bureau du conseil s\u2019est engag\u00e9 \u00e0 \u00eatre le fer de lance dans la mise en \u0153uvre de la strat\u00e9gie.<\/figcaption><\/figure>\n<\/div>\n<p><strong>Le Directeur-pays du Bureau international du travail (BIT), Fr\u00e9deric Lapeyre, a effectu\u00e9, le mardi 25 mai 2021 \u00e0 Ouagadougou, une visite d\u2019\u00e9change et de travail au Conseil national de l\u2019\u00e9conomie informelle du Burkina Faso (CNEI-BF).<\/strong><\/p>\n<p>Le Directeur-pays du Bureau international du travail (BIT), Fr\u00e9deric Lapeyre, \u00e9tait, le mardi 25 mai 2021 dans les locaux du Conseil national de l\u2019\u00e9conomie informelle du Burkina Faso (CNEI-BF). Celui-ci a affirm\u00e9 que cette visite entre dans le cadre de la validation de la strat\u00e9gie nationale int\u00e9gr\u00e9e pour la formalisation de l\u2019\u00e9conomie informelle vers l\u2019\u00e9conomie formelle. Il a discut\u00e9 au pr\u00e9alable avec le ministre de la Jeunesse et de l\u2019Emploi, Salifo Tiemtor\u00e9 et tous les acteurs impliqu\u00e9s dans l\u2019\u00e9laboration de la strat\u00e9gie de formalisation sur comment am\u00e9liorer le monde du travail au Burkina. Cette am\u00e9lioration passe, selon lui, par un appui aux acteurs du secteur informel, afin d\u2019augmenter leur productivit\u00e9 et de r\u00e9duire leurs risques et vuln\u00e9rabilit\u00e9s afin qu\u2019ils puissent converger vers l\u2019\u00e9conomie formelle.<\/p>\n<p>Il a, de ce fait, confi\u00e9, que le CNEI-BF va jouer un r\u00f4le fondamental dans la mise en \u0153uvre de la strat\u00e9gie. Cette structure, a-t-il affirm\u00e9, va \u0153uvrer au niveau provincial et national pour que la voix des acteurs de cette \u00e9conomie soit prise en compte \u00e0 la fois dans la formulation des politiques, que dans leur mise en \u0153uvre. Et le 1er vice-pr\u00e9sident du CNEI-BF, Boureima Tond\u00e9, de dire : \u00abPour notre part, nous aurons notre r\u00f4le \u00e0 jouer, parce que nous serons le bras de mise en \u0153uvre de la strat\u00e9gie int\u00e9gr\u00e9e d\u2019acc\u00e9l\u00e9ration de l\u2019\u00e9conomie informelle vers celle formelle pouvant aboutir \u00e0 la cr\u00e9ation de travail d\u00e9cent pour nos acteurs \u00bb.<\/p>\n<p>M Lapeyre a soulign\u00e9 que la plus grande partie des travailleurs au Burkina est dans l\u2019\u00e9conomie informelle et fait face \u00e0 de nombreuses difficult\u00e9s. \u00ab Il est essentiel que l\u2019on puisse apporter des r\u00e9ponses \u00e0 leurs priorit\u00e9s notamment dans le contexte actuel o\u00f9 il y a d\u2019\u00e9normes attentes de la population, notamment des jeunes qui n\u2019ont d\u2019autres options que de converger vers l\u2019\u00e9conomie informelle puisqu\u2019ils n\u2019ont pas d\u2019emplois dans l\u2019\u00e9conomie formelle \u00bb, a \u2013t-il poursuivi. Trois priorit\u00e9s se d\u00e9gagent pour apporter des solutions aux difficult\u00e9s.<\/p>\n<p>Il s\u2019agit de l\u2019organisation des acteurs de l\u2019\u00e9conomie<br \/>informelle, de la protection sociale. Pour le repr\u00e9sentant du BIT, il est essentiel d\u2019\u00e9tendre la couverture de protection sociale et notamment l\u2019assurance maladie aux acteurs de l\u2019\u00e9conomie informelle, car la maladie ou les accidents du travail constituent les sources principales d\u2019ins\u00e9curit\u00e9 pour les travailleurs. La troisi\u00e8me priorit\u00e9 est de s\u2019assurer<br \/>d\u2019 une meilleure g\u00e9n\u00e9ration de revenus dans l\u2019\u00e9conomie informelle pour que les acteurs puissent muter vers la formalit\u00e9 \u00e0 travers des soutiens en terme de microfinances, d\u2019entrepreneuriat, de productivit\u00e9 ou d\u2019acc\u00e8s aux march\u00e9s publics.<br \/>Le Directeur-pays a ajout\u00e9, que toutes ces priorit\u00e9s vont \u00eatre prises en compte dans la strat\u00e9gie nationale de transition vers l\u2019\u00e9conomie formelle, fruit d\u2019un engagement gouvernemental.<\/p>\n<p>\u00ab Nous ne pouvons que compter sur eux par rapport \u00e0 l\u2019\u00e9laboration de notre strat\u00e9gie de d\u00e9veloppement du secteur informel dans sa phase de transition vers celle formelle. Nous avons demand\u00e9 aussi qu\u2019on puisse accompagner nos acteurs dans le renforcement des capacit\u00e9s\u00bb, a comment\u00e9 M.Tond\u00e9.<br \/>M.Lapeyre a fait savoir que le Bureau internationale du travail a \u00e9t\u00e9 depuis le d\u00e9part aux c\u00f4t\u00e9s du gouvernement et des acteurs de l\u2019\u00e9conomie informelle dans le financement et l\u2019appui technique \u00e0 la formulation de la strat\u00e9gie de formalisation. Il a donc assur\u00e9 que l\u2019organisation accompagnera le gouvernement dans sa mise en \u0153uvre, \u00e0 travers un appui technique et aussi dans le renforcement de capacit\u00e9s des diff\u00e9rentes parties prenantes afin qu\u2019elles puissent jouer leurs r\u00f4les dans cette strat\u00e9gie.<\/p>\n<p class=\"c1\"><strong>Wamini Micheline OUEDRAOGO<\/strong><\/p>\n<div class=\"td-a-rec td-a-rec-id-content_bottom tdi_33_666 td_block_template_1\">\n<p><img loading=\"lazy\" decoding=\"async\" class=\"aligncenter size-full wp-image-27454\" src=\"https:\/\/www.sidwaya.info\/wp-content\/uploads\/2020\/10\/PUB-Bandeau-paiement-mobile-siteweb.jpg\" alt=\"\" width=\"728\" height=\"90\"\/><\/div>\n<p>Auteur: JK. Sidwaya<br \/>\n<a href=\"https:\/\/www.sidwaya.info\/blog\/2021\/05\/27\/conseil-national-de-leconomie-informelle-le-soutien-du-bureau-international-du-travail\/\">Cliquez ici pour lire l&rsquo;article depuis sa source.<\/a><\/p>\n","protected":false},"excerpt":{"rendered":"<p>Le bureau du conseil s\u2019est engag\u00e9 \u00e0 \u00eatre le fer de lance dans la mise en \u0153uvre de la strat\u00e9gie. Le Directeur-pays du Bureau international du travail (BIT), Fr\u00e9deric Lapeyre, a effectu\u00e9, le mardi 25 mai 2021 \u00e0 Ouagadougou, une visite d\u2019\u00e9change et de travail au Conseil national de l\u2019\u00e9conomie informelle du Burkina Faso (CNEI-BF). [&hellip;]<\/p>\n","protected":false},"author":1816,"featured_media":0,"comment_status":"closed","ping_status":"closed","sticky":false,"template":"","format":"standard","meta":{"fifu_image_url":"https:\/\/www.sidwaya.info\/wp-content\/uploads\/2021\/05\/bit-696x431.jpg","fifu_image_alt":"Conseil national de l\u2019\u00e9conomie informelle : Le soutien du Bureau international  du travail","footnotes":""},"categories":[73,81],"tags":[],"class_list":["post-117511","post","type-post","status-publish","format-standard","hentry","category-actualite","category-burkina-faso"],"_links":{"self":[{"href":"https:\/\/linitiative.ca\/International\/wp-json\/wp\/v2\/posts\/117511","targetHints":{"allow":["GET"]}}],"collection":[{"href":"https:\/\/linitiative.ca\/International\/wp-json\/wp\/v2\/posts"}],"about":[{"href":"https:\/\/linitiative.ca\/International\/wp-json\/wp\/v2\/types\/post"}],"author":[{"embeddable":true,"href":"https:\/\/linitiative.ca\/International\/wp-json\/wp\/v2\/users\/1816"}],"replies":[{"embeddable":true,"href":"https:\/\/linitiative.ca\/International\/wp-json\/wp\/v2\/comments?post=117511"}],"version-history":[{"count":0,"href":"https:\/\/linitiative.ca\/International\/wp-json\/wp\/v2\/posts\/117511\/revisions"}],"wp:attachment":[{"href":"https:\/\/linitiative.ca\/International\/wp-json\/wp\/v2\/media?parent=117511"}],"wp:term":[{"taxonomy":"category","embeddable":true,"href":"https:\/\/linitiative.ca\/International\/wp-json\/wp\/v2\/categories?post=117511"},{"taxonomy":"post_tag","embeddable":true,"href":"https:\/\/linitiative.ca\/International\/wp-json\/wp\/v2\/tags?post=117511"}],"curies":[{"name":"wp","href":"https:\/\/api.w.org\/{rel}","templated":true}]}}