{"id":117515,"date":"2021-05-27T12:45:34","date_gmt":"2021-05-27T16:45:34","guid":{"rendered":"https:\/\/linitiative.ca\/International\/cameroun-le-senateur-nfon-victor-mukete-a-entame-son-dernier-voyage\/"},"modified":"2021-05-27T12:45:34","modified_gmt":"2021-05-27T16:45:34","slug":"cameroun-le-senateur-nfon-victor-mukete-a-entame-son-dernier-voyage","status":"publish","type":"post","link":"https:\/\/linitiative.ca\/International\/cameroun-le-senateur-nfon-victor-mukete-a-entame-son-dernier-voyage\/","title":{"rendered":"Cameroun : le s\u00e9nateur  Nfon Victor Mukete  a entam\u00e9 son dernier voyage"},"content":{"rendered":"<div readability=\"32\">\n<p>Publi\u00e9 le 27.05.2021 \u00e0 17h45 par Journal du Cameroun<\/p>\n<\/div>\n<div readability=\"53\">\n<h5>Apr\u00e8s la lev\u00e9e de corps, sa d\u00e9pouille a \u00e9t\u00e9 conduite \u00e0 la chambre haute du parlement ce 27 mai 2021 \u00e0 Yaound\u00e9, o\u00f9 un \u00a0hommage lui a \u00e9t\u00e9 rendu.<\/h5>\n<p><strong>Nfon Victor Mukete\u00a0<\/strong> \u00e9lev\u00e9 au rang de Grand cordon du m\u00e9rite camerounais \u00e0 titre posthume. La distinction lui a \u00e9t\u00e9 appos\u00e9e par <strong>Paul Atanga Nji<\/strong>,\u00a0 \u00a0ministre de l\u2019Administration territoriale, repr\u00e9sentant du chef de l\u2019Etat <strong>Paul Biya<\/strong>, \u00e0 la c\u00e9r\u00e9monie d\u2019hommage organis\u00e9e ce jour au si\u00e8ge du S\u00e9nat \u00e0 Yaound\u00e9.<\/p>\n<p>La d\u00e9pouille du doyen d\u2019\u00e2ge de la chambre haute \u00a0du parlement (d\u00e9c\u00e9d\u00e9 \u00e0 103 ans) sera ensuite transf\u00e9r\u00e9e dans sa ville natale \u00e0 Kumba au Sud-Ouest, pour l\u2019inhumation dans son palais royal le 29 mai .<\/p>\n<p>Chief Victor Mukete est d\u00e9c\u00e9d\u00e9 le 10 avril 2021 des suites de maladie \u00e0 l\u2019h\u00f4pital g\u00e9n\u00e9ral de Yaound\u00e9.<\/p>\n<p>Au vu notamment\u00a0 de son implication dans le processus de r\u00e9unification du Cameroun francophone et anglophone, \u00a0le pr\u00e9sident de la R\u00e9publique, Paul Biya, l\u2019a pr\u00e9sent\u00e9 comme une figure embl\u00e9matique de l\u2019histoire de notre pays.<\/p>\n<\/div>\n<p>Auteur: Christian DJIMADEU<br \/>\n<a href=\"https:\/\/www.journalducameroun.com\/cameroun-le-senateur-nfon-victor-mukete-a-entame-son-dernier-voyage-cameroun\/\">Cliquez ici pour lire l&rsquo;article depuis sa source.<\/a><\/p>\n","protected":false},"excerpt":{"rendered":"<p>Publi\u00e9 le 27.05.2021 \u00e0 17h45 par Journal du Cameroun Apr\u00e8s la lev\u00e9e de corps, sa d\u00e9pouille a \u00e9t\u00e9 conduite \u00e0 la chambre haute du parlement ce 27 mai 2021 \u00e0 Yaound\u00e9, o\u00f9 un \u00a0hommage lui a \u00e9t\u00e9 rendu. Nfon Victor Mukete\u00a0 \u00e9lev\u00e9 au rang de Grand cordon du m\u00e9rite camerounais \u00e0 titre posthume. La distinction [&hellip;]<\/p>\n","protected":false},"author":1965,"featured_media":0,"comment_status":"closed","ping_status":"closed","sticky":false,"template":"","format":"standard","meta":{"fifu_image_url":"","fifu_image_alt":"","footnotes":""},"categories":[73,82],"tags":[],"class_list":["post-117515","post","type-post","status-publish","format-standard","hentry","category-actualite","category-cameroun"],"_links":{"self":[{"href":"https:\/\/linitiative.ca\/International\/wp-json\/wp\/v2\/posts\/117515","targetHints":{"allow":["GET"]}}],"collection":[{"href":"https:\/\/linitiative.ca\/International\/wp-json\/wp\/v2\/posts"}],"about":[{"href":"https:\/\/linitiative.ca\/International\/wp-json\/wp\/v2\/types\/post"}],"author":[{"embeddable":true,"href":"https:\/\/linitiative.ca\/International\/wp-json\/wp\/v2\/users\/1965"}],"replies":[{"embeddable":true,"href":"https:\/\/linitiative.ca\/International\/wp-json\/wp\/v2\/comments?post=117515"}],"version-history":[{"count":0,"href":"https:\/\/linitiative.ca\/International\/wp-json\/wp\/v2\/posts\/117515\/revisions"}],"wp:attachment":[{"href":"https:\/\/linitiative.ca\/International\/wp-json\/wp\/v2\/media?parent=117515"}],"wp:term":[{"taxonomy":"category","embeddable":true,"href":"https:\/\/linitiative.ca\/International\/wp-json\/wp\/v2\/categories?post=117515"},{"taxonomy":"post_tag","embeddable":true,"href":"https:\/\/linitiative.ca\/International\/wp-json\/wp\/v2\/tags?post=117515"}],"curies":[{"name":"wp","href":"https:\/\/api.w.org\/{rel}","templated":true}]}}