{"id":117516,"date":"2021-05-27T13:18:01","date_gmt":"2021-05-27T17:18:01","guid":{"rendered":"https:\/\/linitiative.ca\/International\/la-television-numerique-sur-la-bonne-voie-au-senegal\/"},"modified":"2021-05-27T13:18:01","modified_gmt":"2021-05-27T17:18:01","slug":"la-television-numerique-sur-la-bonne-voie-au-senegal","status":"publish","type":"post","link":"https:\/\/linitiative.ca\/International\/la-television-numerique-sur-la-bonne-voie-au-senegal\/","title":{"rendered":"La t\u00e9l\u00e9vision num\u00e9rique sur la bonne voie au S\u00e9n\u00e9gal"},"content":{"rendered":"<div readability=\"32\">\n<p>Publi\u00e9 le 27.05.2021 \u00e0 18h18 par APA News<\/p>\n<\/div>\n<div readability=\"96\">\n<p>Les principaux m\u00e9dias audiovisuels ont adopt\u00e9 le cahier des charges et les conventions r\u00e9gissant la transition vers la T\u00e9l\u00e9vision Num\u00e9rique Terrestre (TNT).\u00ab C\u2019est vraiment une avanc\u00e9e remarquable. Nous avons un paysage plus organis\u00e9 et c\u2019est sans pr\u00e9c\u00e9dent dans l\u2019histoire audiovisuel du S\u00e9n\u00e9gal \u00bb, s\u2019est f\u00e9licit\u00e9 le pr\u00e9sident du Conseil National de R\u00e9gulation de l\u2019Audiovisuel (CNRA), Babacar Diagne.<\/p>\n<p>Il s\u2019exprimait \u00e0 l\u2019occasion de la huiti\u00e8me Assembl\u00e9e g\u00e9n\u00e9rale de la Plateforme des r\u00e9gulateurs de l\u2019audiovisuel des pays membres de l\u2019Union \u00e9conomique et mon\u00e9taire de l\u2019ouest africain (Uemoa) et de la Guin\u00e9e.<\/p>\n<p>Pr\u00e9sidant l\u2019ouverture de cette rencontre, le chef de l\u2019Etat s\u00e9n\u00e9galais Macky Sall s\u2019est r\u00e9joui de la \u00ab tr\u00e8s grande performance \u00bb r\u00e9alis\u00e9e par son pays dans ce domaine. Pour assurer la survie de la T\u00e9l\u00e9diffusion du S\u00e9n\u00e9gal (TDS-SA), gestionnaire de la TNT, le pr\u00e9sident a invit\u00e9 les promoteurs des m\u00e9dias audiovisuels \u00e0 payer leurs redevances.<\/p>\n<p>La TDS-SA est l\u2019op\u00e9rateur de diffusion national en charge exclusive de la collecte, du transport et de la diffusion des contenus audiovisuels par voie num\u00e9rique dans les foyers s\u00e9n\u00e9galais. Et selon son directeur g\u00e9n\u00e9ral, Amadou Abdoulaye Diop, \u00ab aujourd\u2019hui, le signal est disponible sur les 14 r\u00e9gions du S\u00e9n\u00e9gal \u00bb.<\/p>\n<p>Cette huiti\u00e8me Assembl\u00e9e g\u00e9n\u00e9rale des r\u00e9gulateurs de l\u2019audiovisuel a eu pour th\u00e8me : \u00ab Impact de la transition num\u00e9rique terrestre : enjeux \u00e9conomiques et socio-culturels \u00bb.<\/p>\n<p>Au S\u00e9n\u00e9gal, ces impacts socio-\u00e9conomiques et culturels vont se ressentir, selon le Dg de la TDS-SA, \u00e0 travers la cr\u00e9ation d\u2019emplois et de richesses. Mais surtout, en termes d\u2019\u00e9clatement de la cha\u00eene de valeur.<\/p>\n<p>\u00ab Jusque-l\u00e0, on avait l\u2019habitude de voir les cha\u00eenes qui produisaient, transportaient et diffusaient eux-m\u00eames leur contenu. Aujourd\u2019hui, le changement majeur qui est en train de s\u2019op\u00e9rer est que les cha\u00eenes produisent leur contenu, le confient \u00e0 l\u2019op\u00e9rateur de diffusion qui a d\u00e9sormais la charge de le diffuser sur l\u2019ensemble du territoire national \u00bb, a expliqu\u00e9 Amadou Abdoulaye Diop.<\/p>\n<p>Cette transition num\u00e9rique men\u00e9e \u00e0 terme devrait aussi permettre la diversification des contenus et la cr\u00e9ation des cha\u00eenes th\u00e9matiques.<\/p>\n<p>Pour le pr\u00e9sident Macky Sall, la plate-forme TNT demeure donc \u00ab essentielle \u00bb en cette p\u00e9riode d\u2019extinction inexorable du signal analogique. Car, souligne-t-il, sa gratuit\u00e9 pour la diffusion des cha\u00eenes nationales et sa simplicit\u00e9 en font par ailleurs le mode de r\u00e9ception privil\u00e9gi\u00e9 pour les postes secondaires.<\/p>\n<p>\u00ab Les efforts de la TDS-SA pour assurer une couverture plus large du signal, une modernisation progressive de la plate-forme et une plus grande disponibilit\u00e9 des \u00e9quipements de r\u00e9ception vont sans doute conforter sa place centrale au sein de nos foyers \u00bb, a-t-il Macky Sall.<\/p>\n<\/div>\n<p>Auteur: APA News<br \/>\n<a href=\"https:\/\/www.journalducameroun.com\/la-television-numerique-sur-la-bonne-voie-au-senegal\/\">Cliquez ici pour lire l&rsquo;article depuis sa source.<\/a><\/p>\n","protected":false},"excerpt":{"rendered":"<p>Publi\u00e9 le 27.05.2021 \u00e0 18h18 par APA News Les principaux m\u00e9dias audiovisuels ont adopt\u00e9 le cahier des charges et les conventions r\u00e9gissant la transition vers la T\u00e9l\u00e9vision Num\u00e9rique Terrestre (TNT).\u00ab C\u2019est vraiment une avanc\u00e9e remarquable. Nous avons un paysage plus organis\u00e9 et c\u2019est sans pr\u00e9c\u00e9dent dans l\u2019histoire audiovisuel du S\u00e9n\u00e9gal \u00bb, s\u2019est f\u00e9licit\u00e9 le pr\u00e9sident [&hellip;]<\/p>\n","protected":false},"author":1965,"featured_media":0,"comment_status":"closed","ping_status":"closed","sticky":false,"template":"","format":"standard","meta":{"fifu_image_url":"","fifu_image_alt":"","footnotes":""},"categories":[73,82],"tags":[],"class_list":["post-117516","post","type-post","status-publish","format-standard","hentry","category-actualite","category-cameroun"],"_links":{"self":[{"href":"https:\/\/linitiative.ca\/International\/wp-json\/wp\/v2\/posts\/117516","targetHints":{"allow":["GET"]}}],"collection":[{"href":"https:\/\/linitiative.ca\/International\/wp-json\/wp\/v2\/posts"}],"about":[{"href":"https:\/\/linitiative.ca\/International\/wp-json\/wp\/v2\/types\/post"}],"author":[{"embeddable":true,"href":"https:\/\/linitiative.ca\/International\/wp-json\/wp\/v2\/users\/1965"}],"replies":[{"embeddable":true,"href":"https:\/\/linitiative.ca\/International\/wp-json\/wp\/v2\/comments?post=117516"}],"version-history":[{"count":0,"href":"https:\/\/linitiative.ca\/International\/wp-json\/wp\/v2\/posts\/117516\/revisions"}],"wp:attachment":[{"href":"https:\/\/linitiative.ca\/International\/wp-json\/wp\/v2\/media?parent=117516"}],"wp:term":[{"taxonomy":"category","embeddable":true,"href":"https:\/\/linitiative.ca\/International\/wp-json\/wp\/v2\/categories?post=117516"},{"taxonomy":"post_tag","embeddable":true,"href":"https:\/\/linitiative.ca\/International\/wp-json\/wp\/v2\/tags?post=117516"}],"curies":[{"name":"wp","href":"https:\/\/api.w.org\/{rel}","templated":true}]}}