{"id":117517,"date":"2021-05-27T13:18:02","date_gmt":"2021-05-27T17:18:02","guid":{"rendered":"https:\/\/linitiative.ca\/International\/congo-paul-put-nouveau-selectionneur-de-lequipe-nationale\/"},"modified":"2021-05-27T13:18:02","modified_gmt":"2021-05-27T17:18:02","slug":"congo-paul-put-nouveau-selectionneur-de-lequipe-nationale","status":"publish","type":"post","link":"https:\/\/linitiative.ca\/International\/congo-paul-put-nouveau-selectionneur-de-lequipe-nationale\/","title":{"rendered":"Congo : Paul Put, nouveau s\u00e9lectionneur de l\u2019\u00e9quipe nationale"},"content":{"rendered":"<div readability=\"32\">\n<p>Publi\u00e9 le 27.05.2021 \u00e0 18h18 par APA News<\/p>\n<\/div>\n<div readability=\"62\">\n<p>L\u2019entra\u00eeneur belge a sign\u00e9, ce jeudi 27 mai, un contrat avec la F\u00e9d\u00e9ration congolaise de football (F\u00e9cofoot).Le successeur de Valdo, technicien br\u00e9silien limog\u00e9 d\u00e9but mars dernier, est connu. Paul Put s\u2019est engag\u00e9 pour les deux prochaines ann\u00e9es en pr\u00e9sence du ministre congolais des Sports, Hugues Ngou\u00e9lond\u00e9l\u00e9.<\/p>\n<p>Finaliste de la Coupe d\u2019Afrique des nations 2013 avec le Burkina Faso (d\u00e9faite 1-0 face au Nigeria), Paul Put devra rapidement se mettre au travail tant le chantier est immense. Face \u00e0 la presse, l\u2019ex-coach de la Gambie a d\u00e9clin\u00e9 son ambition : \u00ab Il faut mettre en place une bonne \u00e9quipe compos\u00e9e des joueurs motiv\u00e9s et combatifs. \u00a0Partout o\u00f9 je suis pass\u00e9, on m\u2019a donn\u00e9 des surnoms, le lion ou le gladiateur. A partir de maintenant, je veux voir des gladiateurs sur le terrain \u00bb.<\/p>\n<p>Le Congo n\u2019a pu se qualifier \u00e0 la Can 2021 puisqu\u2019il a termin\u00e9 troisi\u00e8me de la poule I en r\u00e9coltant 8 points : 2 victoires, 2 nuls et 2 d\u00e9faites. Le S\u00e9n\u00e9gal et la Guin\u00e9e-Bissau ont d\u00e9croch\u00e9 les deux tickets qualificatifs de cette poule.<\/p>\n<p>Les Diables rouges retrouveront les Lions lors des \u00e9liminatoires de la Coupe du monde 2022. Le Congo jouera \u00e9galement contre la Namibie et le Togo. La Conf\u00e9d\u00e9ration africaine de football (Caf) a programm\u00e9 ces rencontres \u00ab durant les fen\u00eatres internationales de septembre, octobre et novembre 2021, ainsi que de mars 2022 \u00bb.<\/p>\n<\/div>\n<p>Auteur: APA News<br \/>\n<a href=\"https:\/\/www.journalducameroun.com\/congo-paul-put-nouveau-selectionneur-de-lequipe-nationale\/\">Cliquez ici pour lire l&rsquo;article depuis sa source.<\/a><\/p>\n","protected":false},"excerpt":{"rendered":"<p>Publi\u00e9 le 27.05.2021 \u00e0 18h18 par APA News L\u2019entra\u00eeneur belge a sign\u00e9, ce jeudi 27 mai, un contrat avec la F\u00e9d\u00e9ration congolaise de football (F\u00e9cofoot).Le successeur de Valdo, technicien br\u00e9silien limog\u00e9 d\u00e9but mars dernier, est connu. Paul Put s\u2019est engag\u00e9 pour les deux prochaines ann\u00e9es en pr\u00e9sence du ministre congolais des Sports, Hugues Ngou\u00e9lond\u00e9l\u00e9. Finaliste [&hellip;]<\/p>\n","protected":false},"author":1965,"featured_media":0,"comment_status":"closed","ping_status":"closed","sticky":false,"template":"","format":"standard","meta":{"fifu_image_url":"","fifu_image_alt":"","footnotes":""},"categories":[73,82],"tags":[],"class_list":["post-117517","post","type-post","status-publish","format-standard","hentry","category-actualite","category-cameroun"],"_links":{"self":[{"href":"https:\/\/linitiative.ca\/International\/wp-json\/wp\/v2\/posts\/117517","targetHints":{"allow":["GET"]}}],"collection":[{"href":"https:\/\/linitiative.ca\/International\/wp-json\/wp\/v2\/posts"}],"about":[{"href":"https:\/\/linitiative.ca\/International\/wp-json\/wp\/v2\/types\/post"}],"author":[{"embeddable":true,"href":"https:\/\/linitiative.ca\/International\/wp-json\/wp\/v2\/users\/1965"}],"replies":[{"embeddable":true,"href":"https:\/\/linitiative.ca\/International\/wp-json\/wp\/v2\/comments?post=117517"}],"version-history":[{"count":0,"href":"https:\/\/linitiative.ca\/International\/wp-json\/wp\/v2\/posts\/117517\/revisions"}],"wp:attachment":[{"href":"https:\/\/linitiative.ca\/International\/wp-json\/wp\/v2\/media?parent=117517"}],"wp:term":[{"taxonomy":"category","embeddable":true,"href":"https:\/\/linitiative.ca\/International\/wp-json\/wp\/v2\/categories?post=117517"},{"taxonomy":"post_tag","embeddable":true,"href":"https:\/\/linitiative.ca\/International\/wp-json\/wp\/v2\/tags?post=117517"}],"curies":[{"name":"wp","href":"https:\/\/api.w.org\/{rel}","templated":true}]}}