{"id":117519,"date":"2021-05-27T17:18:02","date_gmt":"2021-05-27T21:18:02","guid":{"rendered":"https:\/\/linitiative.ca\/International\/la-population-scolaire-de-la-cote-divoire-estimee-a-67-millions-deleves-en-2021\/"},"modified":"2021-05-27T17:18:02","modified_gmt":"2021-05-27T21:18:02","slug":"la-population-scolaire-de-la-cote-divoire-estimee-a-67-millions-deleves-en-2021","status":"publish","type":"post","link":"https:\/\/linitiative.ca\/International\/la-population-scolaire-de-la-cote-divoire-estimee-a-67-millions-deleves-en-2021\/","title":{"rendered":"La population scolaire de la C\u00f4te d\u2019Ivoire estim\u00e9e \u00e0 6,7 millions d\u2019\u00e9l\u00e8ves en 2021"},"content":{"rendered":"<div readability=\"32\">\n<p>Publi\u00e9 le 27.05.2021 \u00e0 22h18 par APA News<\/p>\n<\/div>\n<div readability=\"116\">\n<p>La population scolaire de la C\u00f4te d\u2019Ivoire est estim\u00e9e \u00e0 6,7 millions d\u2019\u00e9l\u00e8ves en 2021, a appris APA, jeudi \u00e0 Abidjan, o\u00f9 se sont ouvertes les assises de la Commission nationale de la carte scolaire (ACNCS).<\/p>\n<p>Selon le directeur des strat\u00e9gies, de la planification et des statistiques du minist\u00e8re de l\u2019\u00e9ducation nationale et de l\u2019alphab\u00e9tisation, Mamadou Fofana qui s\u2019exprimait lors des travaux de ces assises, l\u2019effectif des \u00e9l\u00e8ves de la C\u00f4te d\u2019Ivoire en 2020-2021 est de \u00ab 6 784 062 \u00e9l\u00e8ves dont \u00a03 241 680 filles, soit 47,8% \u00bb.<\/p>\n<p>Poursuivant, M. Fofana a pr\u00e9cis\u00e9 que le pr\u00e9scolaire compte 245 223 \u00e9l\u00e8ves dont 51,8% de filles, l\u00e0 o\u00f9 au primaire l\u2019on d\u00e9nombre 4 102 827 \u00e9l\u00e8ves dont 48,6% de filles. Au secondaire, les \u00e9l\u00e8ves sont au nombre de 2 436 014 dont 46% de filles.<\/p>\n<p>Auparavant, la ministre de l\u2019Education nationale et de l\u2019alphab\u00e9tisation, Mariatou Kon\u00e9 a salu\u00e9 cet effort de quantification, de collecte, d\u2019\u00e9valuation et de synth\u00e9tisation qui n\u2019aurait aucun sens \u00ab si nous ne r\u00e9ajustons pas, sur la base des nouveaux chiffres, toutes nos actions de pilotage dans nos compartiments de gestion respectifs \u00bb.<\/p>\n<p>\u00ab Au moment o\u00f9 nous prenons connaissance des chiffres et des statistiques des diff\u00e9rentes cat\u00e9gories de populations et infrastructures de notre syst\u00e8me, il nous faut \u00eatre proactif \u00bb, a-t-elle lanc\u00e9.<\/p>\n<p>Qu\u2019il s\u2019agisse du mode d\u2019acc\u00e8s, du mode d\u2019administration, des choix p\u00e9dagogiques, du mode d\u2019\u00e9valuation, \u00ab chacun des aspects de nos t\u00e2ches quotidiennes devrait se regarder \u00e0 l\u2019aune de ces statistiques afin d\u2019une meilleure prise en compte des r\u00e9alit\u00e9s et des fluctuations du terrain \u00bb, a ajout\u00e9 la ministre.<\/p>\n<p>Dans le m\u00eame \u00e9lan, elle a recommand\u00e9 une r\u00e9appropriation par \u00ab chacun de nous de ces nouvelles donn\u00e9es afin de mettre en phase nos directions avec les d\u00e9fis induits par ces statistiques \u00bb.<\/p>\n<p>Selon la ministre, ces donn\u00e9es chiffr\u00e9es doivent constituer un v\u00e9ritable tableau de bord qui nous permettra d\u2019adresser avec efficacit\u00e9 les priorit\u00e9s de l\u2019\u00e9cole ivoirienne.<\/p>\n<p>\u00a0\u00ab Notre syst\u00e8me \u00e9ducatif doit faire sa mue en profondeur pour r\u00e9pondre aux besoins et aspirations des enfants de C\u00f4te d\u2019Ivoire \u00bb, a-t-elle insist\u00e9.<\/p>\n<p>La carte scolaire est un dispositif g\u00e9ospatial de dotation rationnelle en infrastructures scolaires qui permet d\u2019\u00e9viter toute approximation dans la couverture en \u00e9cole de l\u2019ensemble du territoire national.\u00a0<\/p>\n<p>\u00ab C\u2019est la raison pour laquelle je voudrais en appeler \u00e0 l\u2019implication de tous les acteurs afin de rendre plus performant cet outil de bonne gouvernance \u00bb, a conclu Mariatou Kon\u00e9.<\/p>\n<p>Cr\u00e9e en 1995, la Commission nationale de la carte scolaire analyse et valide les demandes de cr\u00e9ation, d\u2019ouverture, d\u2019extension, de fermeture, de transfert, d\u2019\u00e9rection de coll\u00e8ges en lyc\u00e9es et de changement de d\u00e9nomination d\u2019\u00e9coles, coll\u00e8ges et lyc\u00e9es. Cet \u00a0organe consultatif se r\u00e9unit le dernier jeudi du mois de mai de chaque ann\u00e9e.<\/p>\n<\/div>\n<p>Auteur: APA News<br \/>\n<a href=\"https:\/\/www.journalducameroun.com\/la-population-scolaire-de-la-cote-divoire-estimee-a-67-millions-deleves-en-2021\/\">Cliquez ici pour lire l&rsquo;article depuis sa source.<\/a><\/p>\n","protected":false},"excerpt":{"rendered":"<p>Publi\u00e9 le 27.05.2021 \u00e0 22h18 par APA News La population scolaire de la C\u00f4te d\u2019Ivoire est estim\u00e9e \u00e0 6,7 millions d\u2019\u00e9l\u00e8ves en 2021, a appris APA, jeudi \u00e0 Abidjan, o\u00f9 se sont ouvertes les assises de la Commission nationale de la carte scolaire (ACNCS). Selon le directeur des strat\u00e9gies, de la planification et des statistiques [&hellip;]<\/p>\n","protected":false},"author":1965,"featured_media":0,"comment_status":"closed","ping_status":"closed","sticky":false,"template":"","format":"standard","meta":{"fifu_image_url":"","fifu_image_alt":"","footnotes":""},"categories":[73,82],"tags":[],"class_list":["post-117519","post","type-post","status-publish","format-standard","hentry","category-actualite","category-cameroun"],"_links":{"self":[{"href":"https:\/\/linitiative.ca\/International\/wp-json\/wp\/v2\/posts\/117519","targetHints":{"allow":["GET"]}}],"collection":[{"href":"https:\/\/linitiative.ca\/International\/wp-json\/wp\/v2\/posts"}],"about":[{"href":"https:\/\/linitiative.ca\/International\/wp-json\/wp\/v2\/types\/post"}],"author":[{"embeddable":true,"href":"https:\/\/linitiative.ca\/International\/wp-json\/wp\/v2\/users\/1965"}],"replies":[{"embeddable":true,"href":"https:\/\/linitiative.ca\/International\/wp-json\/wp\/v2\/comments?post=117519"}],"version-history":[{"count":0,"href":"https:\/\/linitiative.ca\/International\/wp-json\/wp\/v2\/posts\/117519\/revisions"}],"wp:attachment":[{"href":"https:\/\/linitiative.ca\/International\/wp-json\/wp\/v2\/media?parent=117519"}],"wp:term":[{"taxonomy":"category","embeddable":true,"href":"https:\/\/linitiative.ca\/International\/wp-json\/wp\/v2\/categories?post=117519"},{"taxonomy":"post_tag","embeddable":true,"href":"https:\/\/linitiative.ca\/International\/wp-json\/wp\/v2\/tags?post=117519"}],"curies":[{"name":"wp","href":"https:\/\/api.w.org\/{rel}","templated":true}]}}