{"id":117521,"date":"2021-05-27T11:40:22","date_gmt":"2021-05-27T15:40:22","guid":{"rendered":"https:\/\/linitiative.ca\/International\/commerce-intra-africain-la-fondation-inter-progress-analyse-les-contours-de-la-zone-de-libre-echange-africaine\/"},"modified":"2021-05-27T11:40:22","modified_gmt":"2021-05-27T15:40:22","slug":"commerce-intra-africain-la-fondation-inter-progress-analyse-les-contours-de-la-zone-de-libre-echange-africaine","status":"publish","type":"post","link":"https:\/\/linitiative.ca\/International\/commerce-intra-africain-la-fondation-inter-progress-analyse-les-contours-de-la-zone-de-libre-echange-africaine\/","title":{"rendered":"Commerce intra-africain : la Fondation inter-progress analyse les contours de la Zone de libre-\u00e9change africaine"},"content":{"rendered":"<p>La Zone de libre-\u00e9change africaine (Zlecaf), entr\u00e9e en vigueur le 1<sup>er<\/sup>\u00a0janvier 2021 est au c\u0153ur des pr\u00e9occupations de la conf\u00e9rence \u00e9conomique organis\u00e9e par la Fondation inter-progess branche Afrique en partenariat avec Afreximbank et Afriland first bank. Organis\u00e9e du 27 au 28 mai 2021, sous le th\u00e8me \u00ab\u00a0Zlecaf\u00a0: outil de promotion et de d\u00e9veloppement du commerce intra-africain\u00a0\u00bb, la rencontre de ces deux jours intervient en pr\u00e9lude de l\u2019\u00e9dition 2022 de Promote, comme le confie Pierre Zumbach Pr\u00e9sident du Directoire de la Fondation internationale inter-progess\u00a0: \u00ab\u00a0cette conf\u00e9rence \u00e9conomique sur la Zlecaf se tient en pr\u00e9lude \u00e0 l\u2019organisation de la 8<sup>e<\/sup>\u00a0\u00e9dition du Salon international de l\u2019entreprise, de la PME et du partenariat de Yaound\u00e9, Promote 2022 du 19 au 24 f\u00e9vrier, dont l\u2019innovation majeur sera le forum de Yaound\u00e9 sur le th\u00e8me \u2018\u2018\u00a0l\u2019industrialisation de l\u2019Afrique, une cl\u00e9 de l\u2019\u00e9mergence du continent\u2019\u2019\u00bb.<\/p>\n<p><strong>Lire aussi<\/strong> : <strong><a href=\"https:\/\/ecomatin.net\/libre-echange-la-fondation-inter-progress-sensibilise-sur-les-enjeux-de-la-zlecaf\/\">Libre \u00e9change: la Fondation inter-progress sensibilise sur les enjeux de la Zlecaf<\/a><\/strong><\/p>\n<p>Les travaux ouverts ce jour ont pour objectif principal de contribuer \u00e0 la promotion de la Zlecaf en Afrique \u00e0 travers une plateforme de discussions et d\u2019\u00e9changes de haut niveau autour du th\u00e8me central retenu et ressortir les formes et moyens incitatifs adopt\u00e9s dans les diff\u00e9rents pays africains. De mani\u00e8re sp\u00e9cifique il est question de partager les enseignements et \u00e9changer les exp\u00e9riences et les bonnes pratiques en mati\u00e8re de libre-\u00e9change sur le continent ;mettre en \u00e9vidence les atouts et contraintes au d\u00e9veloppement de la Zlecaf et formuler les propositions visant \u00e0 capitaliser ces atouts et \u00e0 lever ces contraintes aux fins d\u2019un d\u00e9veloppement efficient des ZLE (zone de libre-\u00e9chnage) au niveau des CER (communaut\u00e9 \u00e9conomique r\u00e9gional) puis continental ; et susciter avec d\u00e9termination, le soutien des partenaires techniques et financiers nationaux et internationaux aux programmes nationaux et r\u00e9gionaux de libre-\u00e9change. Selon Jean-Claude Ebe Evina, Commissaire g\u00e9n\u00e9ral de la Branche Afrique d\u2019Inter-progress cette rencontre est l\u2019occasion \u00ab\u00a0d\u2019examiner les pr\u00e9alables \u00e0 la v\u00e9ritable mise en effectivit\u00e9 de la Zlecaf\u00a0\u00bb, confie-t-il.<\/p>\n<p><strong>Lire aussi<\/strong> : <strong><a href=\"https:\/\/ecomatin.net\/zlecaf-un-fonds-de-5%e2%80%af455147-milliards-de-fcfa-pour-les-entreprises-africaines\/\">Zlecaf: un fonds de 5\u202f455,147 milliards de Fcfa pour les entreprises africaines<\/a><\/strong><\/p>\n<p>Pour cette journ\u00e9e du 27 mai 2021, il est pr\u00e9vu \u00e0 l\u2019ordre du jour 2 s\u00e9quences sur les 5 que compte que la conf\u00e9rence. A savoir Zone de libre-\u00e9change : outil de facilitation du commerce intra- continental et le r\u00f4le fondamental des infrastructures dans le d\u00e9veloppement de la Zlecaf. Indiquons ici que dans sa note introductive des travaux, le Pr Desir\u00e9 Avom, Doyen de la Facult\u00e9 de sciences \u00e9conomique et de gestion de l\u2019Universit\u00e9 de Yaound\u00e9 II, renseigne que \u00ab\u00a0si l\u2019Afrique veut\u00a0\u00a0d\u00e9velopper sa zone de libre-\u00e9change, elle doit d\u00e9velopper son innovation\u00a0\u00bb.<\/p>\n<p>Pour la journ\u00e9e du 28 mai, il est pr\u00e9vu \u00e0 l\u2019ordre du jour 3 s\u00e9quences que sont\u00a0: mesures d\u2019accompagnement de la Zlecaf\u00a0; financements au service du commerce intra-africain\u00a0; r\u00f4le et strat\u00e9gie d\u2019intervention d\u2019Afreximbank dans la promotion du commerce intra- africain.<\/p>\n<p><strong>Perspectives<\/strong><\/p>\n<p>Les travaux sur la Zlecaf, organis\u00e9s par la Fondation Inter-progress, sont les premiers du genre. Sur le long terme, la Fondation envisage tenir r\u00e9guli\u00e8rement ce type de rencontre. \u00ab\u00a0En principe on pr\u00e9voit dans un premier temps une conf\u00e9rence de ce type tous les deux mois donc, mais il serait n\u00e9cessaire qu\u2019on arrive\u00a0\u00a0une r\u00e9gularit\u00e9 d\u2019un mois\u00bb, confie Jean-Calude Ebe Evina. La prochaine rencontre portera sur le sur le march\u00e9 financier de la Cemac.<\/p>\n<p><strong>Lire aussi<\/strong> : <strong><a href=\"https:\/\/ecomatin.net\/echanges-commerciaux-le-commerce-intra-africain-avance-a-petit-pas\/\">Echanges commerciaux : le commerce intra-africain avance \u00e0 petit pas<\/a><\/strong><\/p>\n<p>Auteur: Cindy MBALA<br \/>\n<a href=\"https:\/\/ecomatin.net\/commerce-intra-africain-la-fondation-inter-progress-analyse-les-contours-de-la-zone-de-libre-echange-africaine\/\">Cliquez ici pour lire l&rsquo;article depuis sa source.<\/a><\/p>\n","protected":false},"excerpt":{"rendered":"<p>La Zone de libre-\u00e9change africaine (Zlecaf), entr\u00e9e en vigueur le 1er\u00a0janvier 2021 est au c\u0153ur des pr\u00e9occupations de la conf\u00e9rence \u00e9conomique organis\u00e9e par la Fondation inter-progess branche Afrique en partenariat avec Afreximbank et Afriland first bank. Organis\u00e9e du 27 au 28 mai 2021, sous le th\u00e8me \u00ab\u00a0Zlecaf\u00a0: outil de promotion et de d\u00e9veloppement du commerce [&hellip;]<\/p>\n","protected":false},"author":1969,"featured_media":0,"comment_status":"closed","ping_status":"closed","sticky":false,"template":"","format":"standard","meta":{"fifu_image_url":"","fifu_image_alt":"","footnotes":""},"categories":[82,78],"tags":[],"class_list":["post-117521","post","type-post","status-publish","format-standard","hentry","category-cameroun","category-economie"],"_links":{"self":[{"href":"https:\/\/linitiative.ca\/International\/wp-json\/wp\/v2\/posts\/117521","targetHints":{"allow":["GET"]}}],"collection":[{"href":"https:\/\/linitiative.ca\/International\/wp-json\/wp\/v2\/posts"}],"about":[{"href":"https:\/\/linitiative.ca\/International\/wp-json\/wp\/v2\/types\/post"}],"author":[{"embeddable":true,"href":"https:\/\/linitiative.ca\/International\/wp-json\/wp\/v2\/users\/1969"}],"replies":[{"embeddable":true,"href":"https:\/\/linitiative.ca\/International\/wp-json\/wp\/v2\/comments?post=117521"}],"version-history":[{"count":0,"href":"https:\/\/linitiative.ca\/International\/wp-json\/wp\/v2\/posts\/117521\/revisions"}],"wp:attachment":[{"href":"https:\/\/linitiative.ca\/International\/wp-json\/wp\/v2\/media?parent=117521"}],"wp:term":[{"taxonomy":"category","embeddable":true,"href":"https:\/\/linitiative.ca\/International\/wp-json\/wp\/v2\/categories?post=117521"},{"taxonomy":"post_tag","embeddable":true,"href":"https:\/\/linitiative.ca\/International\/wp-json\/wp\/v2\/tags?post=117521"}],"curies":[{"name":"wp","href":"https:\/\/api.w.org\/{rel}","templated":true}]}}