{"id":117522,"date":"2021-05-27T12:14:05","date_gmt":"2021-05-27T16:14:05","guid":{"rendered":"https:\/\/linitiative.ca\/International\/filiere-bois-une-zone-economique-speciale-en-gestation-a-bertoua\/"},"modified":"2021-05-27T12:14:05","modified_gmt":"2021-05-27T16:14:05","slug":"filiere-bois-une-zone-economique-speciale-en-gestation-a-bertoua","status":"publish","type":"post","link":"https:\/\/linitiative.ca\/International\/filiere-bois-une-zone-economique-speciale-en-gestation-a-bertoua\/","title":{"rendered":"Fili\u00e8re bois : une zone \u00e9conomique sp\u00e9ciale en gestation \u00e0 Bertoua"},"content":{"rendered":"<p>Pour traduire la vision de la zone CEMAC pour industrialiser la fili\u00e8re bois en acte concr\u00e8te, le minist\u00e8re des Mines, de l\u2019industrie et du d\u00e9veloppement technologique (Minmindt) a r\u00e9uni les acteurs de la fili\u00e8re bois \u00e0 Bertoua, chef-lieu de la r\u00e9gion de l\u2019Est, le 02 mai 2021.Il \u00e9tait question de sensibiliser et de renforcer les capacit\u00e9s des diff\u00e9rents acteurs sur l\u2019outil d\u2019accompagnement de l\u2019industrialisation locale de la fili\u00e8re bois qui est entre outres la Zone \u00e9conomique sp\u00e9ciale, afin de mieux pr\u00e9parer les diff\u00e9rents parties prenantes \u00e0 son impl\u00e9mentation au Cameroun d\u00e8s 2022.<\/p>\n<p><strong>Lire aussi<\/strong> : <strong><a href=\"https:\/\/ecomatin.net\/region-de-lest-le-tableau-sombre-des-forets-communautaires-du-haut-nyong\/\">R\u00e9gion de l\u2019Est : le tableau sombre des for\u00eats communautaires du Haut-Nyong<\/a><\/strong><\/p>\n<p>Par d\u00e9finition, une Zone \u00e9conomique sp\u00e9ciale (ZES) est un espace constitu\u00e9 d\u2019un ou de plusieurs sites am\u00e9nag\u00e9s, viabilis\u00e9s et dot\u00e9s d\u2019infrastructures en vue de permettre aux entit\u00e9s qui vont s\u2019installer et produire les biens et les services dans les conditions optimales. Pour ce qui est de la fili\u00e8re bois quatre sites ont \u00e9t\u00e9 pr\u00e9s\u00e9lectionn\u00e9s pour installer les unit\u00e9s de transformation d\u00e8s janvier 2022.Il s\u2019agit des villes d\u2019Ed\u00e9a, Douala, Kribi et Bertoua. Pour ce qui est de Bertoua et selon le ministre des Mines, de l\u2019industrie et du d\u00e9veloppement technologique, Gabriel Dodo Ndok\u00e9, le chef-lieu de la r\u00e9gion de l\u2019Est pr\u00e9sente plusieurs atours pour l\u2019industrialisation du bois. \u00ab Bertoua b\u00e9n\u00e9ficie d\u2019une position strat\u00e9gique pour l\u2019industrialisation du bois. Elle est frontali\u00e8re avec la R\u00e9publique Centrafricaine et le Congo Brazzaville, pays producteurs du bois en grumes, proche du chemin de fer qui part de Belabo \u00e0 Douala et au c\u0153ur du massif forestier de l\u2019Est\u00bb.<\/p>\n<p><strong>Lire aussi<\/strong> : <strong><a href=\"https:\/\/ecomatin.net\/les-pays-du-bassin-du-congo-veulent-interdire-lexportation-du-bois-en-grumes\/\">Les pays du bassin du Congo veulent interdire l\u2019exportation du bois en grumes<\/a><\/strong><\/p>\n<p>Rappelons que pour faire du secteur forestier un des leviers du d\u00e9veloppement \u00e9conomique, les pays du Bassin du Congo en particulier ceux de la communaut\u00e9 \u00e9conomique et mon\u00e9taire de l\u2019Afrique Centrale (Cemac), se sont r\u00e9solument engag\u00e9s \u00e0 la mise en \u0153uvre d\u2019une strat\u00e9gie d\u2019industrialisation durable de la fili\u00e8re bois. Ladite strat\u00e9gie bas\u00e9e sur l\u2019interdiction de l\u2019exportation du bois sous forme de grumes par tous les pays de la zone d\u00e8s le 1er janvier 2022, vise \u00e0 la cr\u00e9ation d\u2019emplois stables, l\u2019apport de devises et l\u2019accroissement de la valeur ajout\u00e9e manufactur\u00e9e par la transformation locale des produits forestiers et le d\u00e9veloppement du commerce intra r\u00e9gional. Pour Eric Kaffo, Directeur du Centre de promotion du bois au minist\u00e8re des For\u00eats et de la faune (Minfof), l\u2019arr\u00eat d\u2019exportation du bois sous forme de grumes en 2022 aura les impacts positifs. Il s\u2019agit de \u00ab l\u2019intensification des pr\u00e9l\u00e8vements dans les concessions foresti\u00e8res, l\u2019intensification de la premi\u00e8re transformation locale du bois de 75% actuel \u00e0 100%, du d\u00e9veloppement des deuxi\u00e8me et troisi\u00e8me transformation locale de 50% des produits issus de la premi\u00e8re transformation du bois, de l\u2019augmenter du nombre d\u2019emplois, de l\u2019augmentation de la contribution du secteur bois au PIB et du d\u00e9veloppement du march\u00e9 inter africain de bois tropicaux \u00bb.<\/p>\n<p><strong>Martin Foula<\/strong><\/p>\n<p>Auteur: EcoMatin<br \/>\n<a href=\"https:\/\/ecomatin.net\/filiere-bois-une-zone-economique-specialee-en-gestationn-a-bertoua\/\">Cliquez ici pour lire l&rsquo;article depuis sa source.<\/a><\/p>\n","protected":false},"excerpt":{"rendered":"<p>Pour traduire la vision de la zone CEMAC pour industrialiser la fili\u00e8re bois en acte concr\u00e8te, le minist\u00e8re des Mines, de l\u2019industrie et du d\u00e9veloppement technologique (Minmindt) a r\u00e9uni les acteurs de la fili\u00e8re bois \u00e0 Bertoua, chef-lieu de la r\u00e9gion de l\u2019Est, le 02 mai 2021.Il \u00e9tait question de sensibiliser et de renforcer les [&hellip;]<\/p>\n","protected":false},"author":1969,"featured_media":0,"comment_status":"closed","ping_status":"closed","sticky":false,"template":"","format":"standard","meta":{"fifu_image_url":"","fifu_image_alt":"","footnotes":""},"categories":[82,78],"tags":[],"class_list":["post-117522","post","type-post","status-publish","format-standard","hentry","category-cameroun","category-economie"],"_links":{"self":[{"href":"https:\/\/linitiative.ca\/International\/wp-json\/wp\/v2\/posts\/117522","targetHints":{"allow":["GET"]}}],"collection":[{"href":"https:\/\/linitiative.ca\/International\/wp-json\/wp\/v2\/posts"}],"about":[{"href":"https:\/\/linitiative.ca\/International\/wp-json\/wp\/v2\/types\/post"}],"author":[{"embeddable":true,"href":"https:\/\/linitiative.ca\/International\/wp-json\/wp\/v2\/users\/1969"}],"replies":[{"embeddable":true,"href":"https:\/\/linitiative.ca\/International\/wp-json\/wp\/v2\/comments?post=117522"}],"version-history":[{"count":0,"href":"https:\/\/linitiative.ca\/International\/wp-json\/wp\/v2\/posts\/117522\/revisions"}],"wp:attachment":[{"href":"https:\/\/linitiative.ca\/International\/wp-json\/wp\/v2\/media?parent=117522"}],"wp:term":[{"taxonomy":"category","embeddable":true,"href":"https:\/\/linitiative.ca\/International\/wp-json\/wp\/v2\/categories?post=117522"},{"taxonomy":"post_tag","embeddable":true,"href":"https:\/\/linitiative.ca\/International\/wp-json\/wp\/v2\/tags?post=117522"}],"curies":[{"name":"wp","href":"https:\/\/api.w.org\/{rel}","templated":true}]}}