{"id":117527,"date":"2021-05-28T10:10:49","date_gmt":"2021-05-28T14:10:49","guid":{"rendered":"https:\/\/linitiative.ca\/International\/luniversite-abdelmalek-essaadi-souvre-a-lenergie-solaire\/"},"modified":"2021-05-28T10:10:49","modified_gmt":"2021-05-28T14:10:49","slug":"luniversite-abdelmalek-essaadi-souvre-a-lenergie-solaire","status":"publish","type":"post","link":"https:\/\/linitiative.ca\/International\/luniversite-abdelmalek-essaadi-souvre-a-lenergie-solaire\/","title":{"rendered":"L\u2019Universit\u00e9 Abdelmalek Essa\u00e2di s\u2019ouvre  \u00e0 l\u2019\u00e9nergie solaire"},"content":{"rendered":"<header>\n<\/header>\n<div class=\"entry-content clearfix\" readability=\"59\">\n<figure class=\"post-thumbnail\" itemprop=\"associatedMedia\" itemscope=\"itemscope\" itemtype=\"http:\/\/schema.org\/ImageObject\"><img decoding=\"async\" class=\"post_layout_5_img\" src=\"http:\/\/aujourdhui.ma\/wp-content\/uploads\/2021\/05\/universite-saadi.jpg\" alt=\"L\u2019Universit\u00e9 Abdelmalek Essa\u00e2di s\u2019ouvre \u00e0 l\u2019\u00e9nergie solaire\"\/><\/figure>\n<p><span class=\"c7\"><strong>Ayant inscrit la cr\u00e9ation et l\u2019innovation parmi ses priorit\u00e9s, l\u2019Universit\u00e9 Abdelmalek Essa\u00e2di (UAE) envisage de produire son \u00e9lectricit\u00e9. Ainsi, la pr\u00e9sidence de l\u2019UAE vient d\u2019annoncer le lancement d\u2019un nouveau projet de production de l\u2019\u00e9nergie \u00e9lectrique pour une enveloppe budg\u00e9taire globale de pr\u00e8s de 4,14 millions de dirhams au niveau de T\u00e9touan.<\/strong><\/span><span id=\"more-377590\"\/><\/p>\n<p>Elle a choisi de recourir \u00e0 l\u2019utilisation de l\u2019\u00e9nergie solaire pour la r\u00e9alisation de ce nouveau projet. Ce qui va lui permettre de r\u00e9duire sa facture \u00e9nerg\u00e9tique et d\u2019atteindre son objectif de se positionner \u00e0 l\u2019avenir parmi les grands auto-consommateurs d\u2019\u00e9nergie propre au Maroc.<br \/>Lanc\u00e9 il y a six mois, ce projet pr\u00e9voit, dans un premier temps, d\u2019assurer l\u2019\u00e9quipement en panneaux solaires de son parking \u00e0 T\u00e9touan et qui comprend un total de 72 places de stationnement occupant une superficie de pr\u00e8s de 900 m2. Il est pr\u00e9vu d\u2019\u00eatre fin pr\u00eat dans les jours qui viennent.<br \/>Vu l\u2019importance de l\u2019utilisation des \u00e9nergies renouvelables, l\u2019UAE ambitionne de d\u00e9velopper ce programme \u00e0 travers des investissements cons\u00e9quents pour pouvoir au fur et \u00e0 mesure l\u2019\u00e9tendre \u00e0 ses \u00e9tablissements universitaires dans la r\u00e9gion du Nord.<\/p>\n<p>Notons que la production de l\u2019\u00e9nergie \u00e9lectrique rentre dans les nouveaux d\u00e9fis que lance l\u2019Universit\u00e9 Abdelmalek Essa\u00e2di en mati\u00e8re d\u2019am\u00e9lioration de son offre de formation et de renforcement de ses recherches scientifique\u2026 Elle pr\u00e9voit ainsi l\u2019installation de nouvelles infrastructures lui permettant d\u2019augmenter sa capacit\u00e9 d\u2019accueil et d\u2019atteindre son objectif de plus de 55.381 places pendant la rentr\u00e9e universitaire au titre de 2023-2024. Et comme il a \u00e9t\u00e9 annonc\u00e9 auparavant par la pr\u00e9sidence de l\u2019UAE, les travaux avancent pour les deux nouveaux projets de la Facult\u00e9 polydisciplinaire de Ksar El K\u00e9bir et la Facult\u00e9 d\u2019\u00e9conomie et de gestion de T\u00e9touan, qui sont pr\u00e9vus d\u2019\u00eatre achev\u00e9s respectivement en 2021 et 2022. Ils seront suivis par la livraison en 2023 de quatre autres \u00e9tablissements universitaires, en l\u2019occurrence l\u2019Ecole sup\u00e9rieure de technologie de T\u00e9touan, la Facult\u00e9 polydisciplinaire et l\u2019Ecole nationale de commerce et de gestion d\u2019Al Hoceima ainsi que la Facult\u00e9 d\u2019\u00e9conomie et de gestion de Tanger.<\/p>\n<p>Alors que les deux Facult\u00e9s polydisciplinaires de Chefchaouen et d\u2019Ouezzane sont pr\u00e9vues d\u2019\u00eatre achev\u00e9es au cours de l\u2019ann\u00e9e universitaire 2023-2024.<\/p>\n<\/div>\n<p>Auteur: Najat Fa\u00efssal<br \/>\n<a href=\"https:\/\/aujourdhui.ma\/economie\/luniversite-abdelmalek-essaadi-souvre-a-lenergie-solaire\">Cliquez ici pour lire l&rsquo;article depuis sa source.<\/a><\/p>\n","protected":false},"excerpt":{"rendered":"<p>Ayant inscrit la cr\u00e9ation et l\u2019innovation parmi ses priorit\u00e9s, l\u2019Universit\u00e9 Abdelmalek Essa\u00e2di (UAE) envisage de produire son \u00e9lectricit\u00e9. Ainsi, la pr\u00e9sidence de l\u2019UAE vient d\u2019annoncer le lancement d\u2019un nouveau projet de production de l\u2019\u00e9nergie \u00e9lectrique pour une enveloppe budg\u00e9taire globale de pr\u00e8s de 4,14 millions de dirhams au niveau de T\u00e9touan. Elle a choisi de [&hellip;]<\/p>\n","protected":false},"author":1759,"featured_media":0,"comment_status":"closed","ping_status":"closed","sticky":false,"template":"","format":"standard","meta":{"fifu_image_url":"http:\/\/aujourdhui.ma\/wp-content\/uploads\/2021\/05\/universite-saadi.jpg","fifu_image_alt":"L\u2019Universit\u00e9 Abdelmalek Essa\u00e2di s\u2019ouvre  \u00e0 l\u2019\u00e9nergie solaire","footnotes":""},"categories":[73,54],"tags":[],"class_list":["post-117527","post","type-post","status-publish","format-standard","hentry","category-actualite","category-maroc"],"_links":{"self":[{"href":"https:\/\/linitiative.ca\/International\/wp-json\/wp\/v2\/posts\/117527","targetHints":{"allow":["GET"]}}],"collection":[{"href":"https:\/\/linitiative.ca\/International\/wp-json\/wp\/v2\/posts"}],"about":[{"href":"https:\/\/linitiative.ca\/International\/wp-json\/wp\/v2\/types\/post"}],"author":[{"embeddable":true,"href":"https:\/\/linitiative.ca\/International\/wp-json\/wp\/v2\/users\/1759"}],"replies":[{"embeddable":true,"href":"https:\/\/linitiative.ca\/International\/wp-json\/wp\/v2\/comments?post=117527"}],"version-history":[{"count":0,"href":"https:\/\/linitiative.ca\/International\/wp-json\/wp\/v2\/posts\/117527\/revisions"}],"wp:attachment":[{"href":"https:\/\/linitiative.ca\/International\/wp-json\/wp\/v2\/media?parent=117527"}],"wp:term":[{"taxonomy":"category","embeddable":true,"href":"https:\/\/linitiative.ca\/International\/wp-json\/wp\/v2\/categories?post=117527"},{"taxonomy":"post_tag","embeddable":true,"href":"https:\/\/linitiative.ca\/International\/wp-json\/wp\/v2\/tags?post=117527"}],"curies":[{"name":"wp","href":"https:\/\/api.w.org\/{rel}","templated":true}]}}