{"id":117528,"date":"2021-05-28T11:06:23","date_gmt":"2021-05-28T15:06:23","guid":{"rendered":"https:\/\/linitiative.ca\/International\/cooperation-maroc-france-un-appel-a-projet-lance-pour-lamelioration-de-lenseignement-a-distance\/"},"modified":"2021-05-28T11:06:23","modified_gmt":"2021-05-28T15:06:23","slug":"cooperation-maroc-france-un-appel-a-projet-lance-pour-lamelioration-de-lenseignement-a-distance","status":"publish","type":"post","link":"https:\/\/linitiative.ca\/International\/cooperation-maroc-france-un-appel-a-projet-lance-pour-lamelioration-de-lenseignement-a-distance\/","title":{"rendered":"Coop\u00e9ration Maroc-France : Un appel \u00e0 projet lanc\u00e9 pour l\u2019am\u00e9lioration de l\u2019enseignement \u00e0 distance"},"content":{"rendered":"<header>\n<\/header>\n<div class=\"entry-content clearfix\" readability=\"63\">\n<figure class=\"post-thumbnail\" itemprop=\"associatedMedia\" itemscope=\"itemscope\" itemtype=\"http:\/\/schema.org\/ImageObject\"><img decoding=\"async\" class=\"post_layout_5_img\" src=\"http:\/\/aujourdhui.ma\/wp-content\/uploads\/2020\/05\/Enseignement-\u00e0-distance-1.jpg\" alt=\"Coop\u00e9ration Maroc-France : Un appel \u00e0 projet lanc\u00e9 pour l\u2019am\u00e9lioration de l\u2019enseignement \u00e0 distance\"\/><\/figure>\n<p><span class=\"c7\"><strong>Le Minist\u00e8re de l\u2019\u00c9ducation Nationale, de la Formation Professionnelle, de l\u2019Enseignement Sup\u00e9rieur et de la Recherche Scientifique et l\u2019Ambassade de France au Maroc renforcent leur partenariat.<\/strong><\/span> <span id=\"more-377695\"\/><\/p>\n<p>En effet, les deux partenaires viennent de lancer, ce vendredi, un appel \u00e0 projets commun pour l\u2019am\u00e9lioration de l\u2019enseignement \u00e0 distance \u00e0 l\u2019Universit\u00e9 marocaine, ainsi que la mise en place de partenariats franco-marocains structurants dans les domaines du num\u00e9rique et des nouvelles technologies. Le d\u00e9partement de l\u2019Enseignement Sup\u00e9rieur et de la Recherche Scientifique explique que cet appel \u00e0 projets, ouvert aux Universit\u00e9s publiques marocaines, se d\u00e9roulera du 28 mai au 25 juin 2021. Il vise \u00e0 financer des projets de coop\u00e9ration qui touchent \u00e0 la Cr\u00e9ation de Massive Open Online Courses (MOOCs), des Small Private Online Courses (SPOCs) et des cours en ligne accessibles et gratuits en lien avec l\u2019enseignement des modules disciplinaires et des Soft Skills programm\u00e9s en premi\u00e8re ann\u00e9e du cycle Bachelor.<\/p>\n<p>Cette initiative a \u00e9galement pour objectif de financer les projets qui concernent la formation de formateurs en p\u00e9dagogie de l\u2019enseignement \u00e0 distance et dans le domaine de l\u2019\u00e9valuation des apprenants des cours en ligne. Sont inclus aussi les projets qui permettront la mise en place d\u2019accords de coop\u00e9ration inter-universitaires dans le domaine du digital, notamment dans le cadre de master en double-diplomation. Cet appel \u00e0 projets compte \u00e9galement les projets qui aboutiront \u00e0 des actions diverses dans le cadre de partenariat pr\u00e9\u00e9tablis dans le domaine du num\u00e9rique et de la num\u00e9risation du patrimoine.<\/p>\n<p>\u00ab Cet appel \u00e0 projets permettra l\u2019accompagnement du lancement du cycle Bachelor \u00e0 partir de l\u2019ann\u00e9e universitaire 2021-2022. Il s\u2019inscrit aussi dans le prolongement des actions entreprises en lien avec Maroc Universit\u00e9 Num\u00e9rique, plateforme de cours en ligne priv\u00e9s \u00e0 petits groupes dans divers champs disciplinaires, inaugur\u00e9e le 12 juillet 2019 \u00e0 Rabat, par les Ministres marocain et fran\u00e7ais en charge de l\u2019enseignement sup\u00e9rieur \u00bb, indique la m\u00eame source.<\/p>\n<\/div>\n<p>Auteur: ALM<br \/>\n<a href=\"https:\/\/aujourdhui.ma\/societe\/cooperation-maroc-france-un-appel-a-projet-lance-pour-lamelioration-de-lenseignement-a-distance\">Cliquez ici pour lire l&rsquo;article depuis sa source.<\/a><\/p>\n","protected":false},"excerpt":{"rendered":"<p>Le Minist\u00e8re de l\u2019\u00c9ducation Nationale, de la Formation Professionnelle, de l\u2019Enseignement Sup\u00e9rieur et de la Recherche Scientifique et l\u2019Ambassade de France au Maroc renforcent leur partenariat. En effet, les deux partenaires viennent de lancer, ce vendredi, un appel \u00e0 projets commun pour l\u2019am\u00e9lioration de l\u2019enseignement \u00e0 distance \u00e0 l\u2019Universit\u00e9 marocaine, ainsi que la mise en [&hellip;]<\/p>\n","protected":false},"author":1759,"featured_media":0,"comment_status":"closed","ping_status":"closed","sticky":false,"template":"","format":"standard","meta":{"fifu_image_url":"http:\/\/aujourdhui.ma\/wp-content\/uploads\/2020\/05\/Enseignement-\u00e0-distance-1.jpg","fifu_image_alt":"Coop\u00e9ration Maroc-France : Un appel \u00e0 projet lanc\u00e9 pour l\u2019am\u00e9lioration de l\u2019enseignement \u00e0 distance","footnotes":""},"categories":[73,54],"tags":[],"class_list":["post-117528","post","type-post","status-publish","format-standard","hentry","category-actualite","category-maroc"],"_links":{"self":[{"href":"https:\/\/linitiative.ca\/International\/wp-json\/wp\/v2\/posts\/117528","targetHints":{"allow":["GET"]}}],"collection":[{"href":"https:\/\/linitiative.ca\/International\/wp-json\/wp\/v2\/posts"}],"about":[{"href":"https:\/\/linitiative.ca\/International\/wp-json\/wp\/v2\/types\/post"}],"author":[{"embeddable":true,"href":"https:\/\/linitiative.ca\/International\/wp-json\/wp\/v2\/users\/1759"}],"replies":[{"embeddable":true,"href":"https:\/\/linitiative.ca\/International\/wp-json\/wp\/v2\/comments?post=117528"}],"version-history":[{"count":0,"href":"https:\/\/linitiative.ca\/International\/wp-json\/wp\/v2\/posts\/117528\/revisions"}],"wp:attachment":[{"href":"https:\/\/linitiative.ca\/International\/wp-json\/wp\/v2\/media?parent=117528"}],"wp:term":[{"taxonomy":"category","embeddable":true,"href":"https:\/\/linitiative.ca\/International\/wp-json\/wp\/v2\/categories?post=117528"},{"taxonomy":"post_tag","embeddable":true,"href":"https:\/\/linitiative.ca\/International\/wp-json\/wp\/v2\/tags?post=117528"}],"curies":[{"name":"wp","href":"https:\/\/api.w.org\/{rel}","templated":true}]}}