{"id":117533,"date":"2021-05-27T14:00:00","date_gmt":"2021-05-27T18:00:00","guid":{"rendered":"https:\/\/linitiative.ca\/International\/le-pps-apprecie-les-efforts-de-la-commission-speciale-et-la-soumission-de-ses-conclusions-au-debat-public\/"},"modified":"2021-05-27T14:00:00","modified_gmt":"2021-05-27T18:00:00","slug":"le-pps-apprecie-les-efforts-de-la-commission-speciale-et-la-soumission-de-ses-conclusions-au-debat-public","status":"publish","type":"post","link":"https:\/\/linitiative.ca\/International\/le-pps-apprecie-les-efforts-de-la-commission-speciale-et-la-soumission-de-ses-conclusions-au-debat-public\/","title":{"rendered":"Le PPS appr\u00e9cie les efforts de la Commission sp\u00e9ciale et la soumission de ses conclusions au d\u00e9bat public"},"content":{"rendered":"<p class=\"has-text-align-center has-vivid-cyan-blue-color has-text-color\"><strong>Communiqu\u00e9 du bureau politique du PPS Mod\u00e8le de d\u00e9veloppement<\/strong><\/p>\n<p><strong>Le bureau politique du Parti du Progr\u00e8s et du Socialisme a tenu, mercredi 26 mai 2021, sa r\u00e9union hebdomadaire et examin\u00e9 plusieurs questions inscrites \u00e0 son ordre du jour.<\/strong><\/p>\n<p>Appr\u00e9ciation des efforts de la Commission sp\u00e9ciale sur le mod\u00e8le de d\u00e9veloppement et du d\u00e9bat public en perspective autour de ses conclusions<\/p>\n<p>Au d\u00e9but de ses travaux, le bureau politique a pris note de la pr\u00e9sentation du rapport de la Commission sp\u00e9ciale sur le mod\u00e8le de d\u00e9veloppement devant Sa Majest\u00e9 le Roi, tout en exprimant son appr\u00e9ciation des efforts d\u00e9ploy\u00e9s pour la production de ce document attendu, suivant une profonde m\u00e9thodologie participative, comme il a salu\u00e9 la d\u00e9cision de soumettre les conclusions du rapport \u00e0 un large d\u00e9bat public.<\/p>\n<p>Dans ce cadre, le bureau politique a d\u00e9cid\u00e9 de tenir une r\u00e9union consacr\u00e9e \u00e0 l\u2019examen des conclusions du document, dans la perspective de contribuer au d\u00e9bat public \u00e0 son sujet. Il a \u00e9galement exprim\u00e9 son aspiration \u00e0 ce que cette dynamique constitue un point de d\u00e9part pour la mobilisation de toutes les \u00e9nergies citoyennes et des bonnes volont\u00e9s pour donner un souffle nouveau au processus de r\u00e9forme, de d\u00e9veloppement, de d\u00e9mocratie et de justice sociale dans notre pays afin de r\u00e9aliser les aspirations et les attentes du peuple marocain.<\/p>\n<p>Notre pays et l\u2019Espagne\u00a0: le r\u00e9tablissement de la confiance tributaire du respect mutuel et de la prise en consid\u00e9ration des int\u00e9r\u00eats des deux pays de mani\u00e8re \u00e9quilibr\u00e9e<\/p>\n<p>Par ailleurs, le bureau politique a examin\u00e9 de nouveau les d\u00e9veloppements en rapport avec la relation de notre pays avec l\u2019Espagne et exprim\u00e9 sa condamnation des expressions hostiles qui \u00e9manent de nombreux milieux chez notre voisin du Nord. Il consid\u00e8re que ceci ne peut occulter l\u2019origine du probl\u00e8me entre les deux pays, \u00e0 savoir l\u2019accueil par l\u2019Espagne de l\u2019un des ennemis de l\u2019int\u00e9grit\u00e9 territoriale de notre pays et sa protection contre les poursuites judiciaires pour avoir commis des crimes contre l\u2019humanit\u00e9, des violations des droits de l\u2019homme et des viols.<\/p>\n<p>Apr\u00e8s son appr\u00e9ciation de la demande de notre pays de permettre aux mineurs bloqu\u00e9s \u00e0 Sebta occup\u00e9e de revenir au sein de leurs familles, le bureau politique a soulign\u00e9 que l\u2019apaisement de \u00a0la tension actuelle et le r\u00e9tablissement de la confiance entre les deux pays sont tributaires de la n\u00e9cessit\u00e9 pour l\u2019Espagne de rectifier son erreur grave et provocatrice des sentiments des Marocains, de s\u2019engager \u00e0 respecter les int\u00e9r\u00eats sup\u00e9rieurs de notre pays et de prendre en consid\u00e9ration les exigences de la coop\u00e9ration constructive et \u00e9quilibr\u00e9e dans tous les domaines sans approche s\u00e9lective. \u00a0\u00a0\u00a0<\/p>\n<p>Le vote incoh\u00e9rent de la majorit\u00e9 sur la loi sur le cannabis, une confirmation manifeste de l\u2019\u00e9clatement de la majorit\u00e9 et de sa d\u00e9sunion<\/p>\n<p>Evoquant l\u2019adoption \u00e0 la majorit\u00e9 par la Chambre des repr\u00e9sentants du projet de loi relatif \u00e0 l\u2019usage l\u00e9gal du cannabis, le bureau politique a enregistr\u00e9 sa r\u00e9probation du vote incoh\u00e9rent et contradictoire des composantes de la majorit\u00e9 concernant ce projet, dont la responsabilit\u00e9 incombe au gouvernement \u00e0 l\u2019unanimit\u00e9 de ses composantes politiques.<\/p>\n<p>S\u2019il peut \u00eatre compr\u00e9hensible d\u2019exprimer des craintes \u00e0 propos de la mise en \u0153uvre du texte pr\u00e9cit\u00e9, comme l\u2019a fait notre parti \u00e0 l\u2019instar d\u2019autres partis lors de la discussion du projet \u00e0 la Chambre des repr\u00e9sentants, la logique politique saine n\u00e9cessitait d\u2019exprimer cela au niveau de la majorit\u00e9, de s\u2019opposer \u00e0 l\u2019adoption du projet par le gouvernement et \u00e0 sa soumission m\u00eame au Parlement.<\/p>\n<p>Partant de l\u00e0, le bureau politique consid\u00e8re qu\u2019il est de son devoir moral et politique de s\u2019arr\u00eater sur ce que ce vote du projet \u00e0 la Chambre des Repr\u00e9sentants repr\u00e9sente en termes de d\u00e9n\u00e9gation sans pr\u00e9c\u00e9dent des r\u00e8gles de la pratique d\u00e9mocratique et institutionnelle saine, confirmant ainsi clairement la faiblesse de la majorit\u00e9 actuelle, sa d\u00e9sunion, son incoh\u00e9rence et l\u2019\u00e9clatement de la charte qui l\u2019unit. Ceci n\u00e9cessitait de la part des responsables de cet antagonisme de tirer les conclusions politiques qui s\u2019imposent en la mati\u00e8re, dans le but d\u2019\u00e9viter l\u2019approfondissement de la crise de confiance que connait le paysage politique dans notre pays et la cons\u00e9cration d\u2019 un pr\u00e9c\u00e9dent dangereux susceptible de se r\u00e9p\u00e9ter dans toute exp\u00e9rience gouvernementale. \u00a0\u00a0<\/p>\n<p>Dans ce cadre, alors que le Maroc s\u2019appr\u00eate \u00e0 organiser les \u00e9lections, le bureau politique estime que notre pays a fortement besoin d\u2019un gouvernement fort et homog\u00e8ne qui incarne une alternative politique capable de g\u00e9rer les affaires publiques et de r\u00e9aliser les contenus du mod\u00e8le de d\u00e9veloppement souhait\u00e9.<\/p>\n<p>Auteur: M&rsquo;hammed rahal<br \/>\n<a href=\"http:\/\/albayane.press.ma\/le-pps-apprecie-les-efforts-de-la-commission-speciale-et-la-soumission-de-ses-conclusions-au-debat-public.html\">Cliquez ici pour lire l&rsquo;article depuis sa source.<\/a><\/p>\n","protected":false},"excerpt":{"rendered":"<p>Communiqu\u00e9 du bureau politique du PPS Mod\u00e8le de d\u00e9veloppement Le bureau politique du Parti du Progr\u00e8s et du Socialisme a tenu, mercredi 26 mai 2021, sa r\u00e9union hebdomadaire et examin\u00e9 plusieurs questions inscrites \u00e0 son ordre du jour. Appr\u00e9ciation des efforts de la Commission sp\u00e9ciale sur le mod\u00e8le de d\u00e9veloppement et du d\u00e9bat public en [&hellip;]<\/p>\n","protected":false},"author":1760,"featured_media":0,"comment_status":"closed","ping_status":"closed","sticky":false,"template":"","format":"standard","meta":{"fifu_image_url":"","fifu_image_alt":"","footnotes":""},"categories":[73,54],"tags":[],"class_list":["post-117533","post","type-post","status-publish","format-standard","hentry","category-actualite","category-maroc"],"_links":{"self":[{"href":"https:\/\/linitiative.ca\/International\/wp-json\/wp\/v2\/posts\/117533","targetHints":{"allow":["GET"]}}],"collection":[{"href":"https:\/\/linitiative.ca\/International\/wp-json\/wp\/v2\/posts"}],"about":[{"href":"https:\/\/linitiative.ca\/International\/wp-json\/wp\/v2\/types\/post"}],"author":[{"embeddable":true,"href":"https:\/\/linitiative.ca\/International\/wp-json\/wp\/v2\/users\/1760"}],"replies":[{"embeddable":true,"href":"https:\/\/linitiative.ca\/International\/wp-json\/wp\/v2\/comments?post=117533"}],"version-history":[{"count":0,"href":"https:\/\/linitiative.ca\/International\/wp-json\/wp\/v2\/posts\/117533\/revisions"}],"wp:attachment":[{"href":"https:\/\/linitiative.ca\/International\/wp-json\/wp\/v2\/media?parent=117533"}],"wp:term":[{"taxonomy":"category","embeddable":true,"href":"https:\/\/linitiative.ca\/International\/wp-json\/wp\/v2\/categories?post=117533"},{"taxonomy":"post_tag","embeddable":true,"href":"https:\/\/linitiative.ca\/International\/wp-json\/wp\/v2\/tags?post=117533"}],"curies":[{"name":"wp","href":"https:\/\/api.w.org\/{rel}","templated":true}]}}