{"id":117534,"date":"2021-05-27T14:00:00","date_gmt":"2021-05-27T18:00:00","guid":{"rendered":"https:\/\/linitiative.ca\/International\/un-amateurisme-irresponsable\/"},"modified":"2021-05-27T14:00:00","modified_gmt":"2021-05-27T18:00:00","slug":"un-amateurisme-irresponsable","status":"publish","type":"post","link":"https:\/\/linitiative.ca\/International\/un-amateurisme-irresponsable\/","title":{"rendered":"Un amateurisme irresponsable"},"content":{"rendered":"<p class=\"has-text-align-right has-vivid-cyan-blue-color has-text-color\"><strong>Par Khalil Hachimi Idrissi, Directeur g\u00e9n\u00e9ral de l\u2019Agence Marocaine de Presse<\/strong><\/p>\n<p class=\"has-text-align-left\">Le quotidien espagnol, habituellement respectable, El Pa\u00efs, dans son \u00e9dition du 26 mai 2021, avance des contrev\u00e9rit\u00e9s concernant le Maroc et met en avant des analyses tendancieuses sur, d\u2019un c\u00f4t\u00e9, la relation entre le Maroc et l\u2019Espagne et, de l\u2019autre c\u00f4t\u00e9, le Maroc et l\u2019UE. Puisqu\u2019une id\u00e9e en vaut une autre, et que le d\u00e9bat est au niveau de l\u2019argumentation pure et simple, nous allons rappeler quelques \u00e9l\u00e9ments factuels qui vont aider, de part et d\u2019autre, \u00e0 une meilleure compr\u00e9hension du probl\u00e8me.<\/p>\n<p class=\"has-text-align-left\">1) Comme Nasser Bourita, ministre des Affaires \u00e9trang\u00e8res marocain, l\u2019a affirm\u00e9 d\u2019une mani\u00e8re explicite, le Maroc n\u2019est ni le concierge ni le gendarme de l\u2019Europe en mati\u00e8re de migration. Ce qu\u2019il fait dans ce domaine rel\u00e8ve d\u2019un partenariat structur\u00e9, bien compris et respectueux de la souverainet\u00e9 des uns et des autres.<\/p>\n<p class=\"has-text-align-left\">2) Mettre en avant les 300 millions que touche le Maroc de l\u2019UE dans le cadre de sa politique de migration est proprement minable. Le Maroc d\u00e9pense 5 \u00e0 10 fois plus pour \u00eatre \u00e0 la hauteur de ses engagements librement consentis et de ses responsabilit\u00e9s africaines.<\/p>\n<p class=\"has-text-align-left\">3) Opposer l\u2019UE unie au Maroc, dans cette affaire, est un artefact grossier pour absoudre l\u2019Espagne de ses responsabilit\u00e9s en recevant un criminel de guerre demand\u00e9 par la justice espagnole et un s\u00e9paratiste en guerre contre un partenaire. Cet artefact est une simulation d\u2019unit\u00e9 puisque, dans l\u2019ensemble, l\u2019UE n\u2019est, avec elle-m\u00eame, d\u2019accord sur rien et tr\u00e8s peu de politiques communes ont v\u00e9ritablement r\u00e9ussi. La \u00ab virilit\u00e9 \u00bb in\u00e9dite, et un peu th\u00e9\u00e2trale, avec laquelle le dossier de Sebta a \u00e9t\u00e9 trait\u00e9 par l\u2019UE a, outre le comique de la situation, pour fonction de faire oublier les \u00abcompromissions\u00bb qui ont marqu\u00e9 le traitement de la question migratoire sur le flanc oriental de l\u2019Union.<\/p>\n<p class=\"has-text-align-left\">4) Croire que, face \u00e0 la surchauffe migratoire, conjoncturelle ou occasionnelle, la r\u00e9action \u00e9motionnelle europ\u00e9enne de soutien \u00e0 l\u2019Espagne, stimul\u00e9e notamment par un membre espagnol de l\u2019ex\u00e9cutif europ\u00e9en, Josep Borrell en l\u2019occurrence, vaut quitus pour le caract\u00e8re colonial de la pr\u00e9sence espagnole \u00e0 Sebta et Mellilia est une erreur pu\u00e9rile. Personne en Europe ne croit, s\u00e9rieusement, que l\u2019UE commence en Afrique en territoire marocain.<\/p>\n<p class=\"has-text-align-left\">5) Minimiser le caract\u00e8re strictement bilat\u00e9ral, Espagne-Maroc, de la crise et la responsabilit\u00e9 espagnole dans celle-ci, c\u2019est rendre un mauvais service aux int\u00e9r\u00eats strat\u00e9giques de l\u2019Espagne. Introduire un criminel de guerre, dans le dos du partenaire strat\u00e9gique, a des cons\u00e9quences. Pour r\u00e9soudre ce probl\u00e8me il faut que l\u2019Etat de droit espagnol s\u2019exprime et que la justice passe. Sinon c\u2019est le retour \u00e0 la case d\u00e9part, celle de la crise multiforme.<\/p>\n<p class=\"has-text-align-left\">6) La l\u00e9gitimit\u00e9 de la position marocaine sur sa souverainet\u00e9 territoriale est admise en Europe notamment par la France. Vouloir \u00e0 la faveur de cette crise semer la zizanie entre la France et le Maroc, comme le sugg\u00e8re maladroitement le journal El Pa\u00efs, est ridicule. Ce qui est vrai par contre, c\u2019est que si cette crise continue sans solution cr\u00e9dible, lisible et convaincante, c\u2019est la France qui va tirer les marrons du feu et retrouver sa place naturelle qu\u2019elle avait dans l\u2019\u00e9conomie marocaine. \u00c7a serait le plus grand \u00ab acquis \u00bb, historique, du gouvernement Sanchez \u00e0 la faveur de cette crise.<\/p>\n<p class=\"has-text-align-left\">7) La fragilit\u00e9 du Gouvernement de Pedro Sanchez, dont les jours sont logiquement compt\u00e9s, est consubstantielle \u00e0 son alliance gouvernementale : Podemos, un parti d\u2019extr\u00eame gauche, et deux partis s\u00e9paratistes, fait partie des \u00e9l\u00e9ments constitutifs de cette crise. Il n\u2019est pas assez fort pour tenir \u00e0 distance les g\u00e9n\u00e9raux finissants et honnis par leur peuple, d\u2019Alger \u2014 dans l\u2019affaire Ghali, Pedro Sanchez a accept\u00e9 de se faire rouler dans la farine par eux \u2014 et, non plus, pas assez courageux pour expliquer, en le regardant dans les yeux, \u00e0 un partenaire strat\u00e9gique qu\u2019il est en train de le trahir de la plus d\u00e9loyale des mani\u00e8res.<\/p>\n<p class=\"has-text-align-left\">L\u2019\u00c9tat profond espagnol \u2013 il existe malgr\u00e9 le verni d\u00e9mocratique r\u00e9cent du pays -, la classe politique et parlementaire exp\u00e9riment\u00e9e ainsi que les milieux \u00e9conomiques refusent l\u2019amateurisme du Gouvernement Pedro Sanchez qui prive leur pays de sa profondeur strat\u00e9gique naturelle, il d\u00e9voie durablement les int\u00e9r\u00eats r\u00e9els de l\u2019Espagne, et cr\u00e9e l\u2019anarchie en M\u00e9diterran\u00e9e occidentale. Seule une alternance rapide, qui ne saurait tarder, au pouvoir construite sur des \u00e9lections l\u00e9gislatives anticip\u00e9es peut \u00e9teindre cet incendie strat\u00e9gique allum\u00e9 par des amateurs irresponsables.<\/p>\n<p>Auteur: M&rsquo;hammed rahal<br \/>\n<a href=\"http:\/\/albayane.press.ma\/un-amateurisme-irresponsable.html\">Cliquez ici pour lire l&rsquo;article depuis sa source.<\/a><\/p>\n","protected":false},"excerpt":{"rendered":"<p>Par Khalil Hachimi Idrissi, Directeur g\u00e9n\u00e9ral de l\u2019Agence Marocaine de Presse Le quotidien espagnol, habituellement respectable, El Pa\u00efs, dans son \u00e9dition du 26 mai 2021, avance des contrev\u00e9rit\u00e9s concernant le Maroc et met en avant des analyses tendancieuses sur, d\u2019un c\u00f4t\u00e9, la relation entre le Maroc et l\u2019Espagne et, de l\u2019autre c\u00f4t\u00e9, le Maroc et [&hellip;]<\/p>\n","protected":false},"author":1760,"featured_media":0,"comment_status":"closed","ping_status":"closed","sticky":false,"template":"","format":"standard","meta":{"fifu_image_url":"","fifu_image_alt":"","footnotes":""},"categories":[73,54],"tags":[],"class_list":["post-117534","post","type-post","status-publish","format-standard","hentry","category-actualite","category-maroc"],"_links":{"self":[{"href":"https:\/\/linitiative.ca\/International\/wp-json\/wp\/v2\/posts\/117534","targetHints":{"allow":["GET"]}}],"collection":[{"href":"https:\/\/linitiative.ca\/International\/wp-json\/wp\/v2\/posts"}],"about":[{"href":"https:\/\/linitiative.ca\/International\/wp-json\/wp\/v2\/types\/post"}],"author":[{"embeddable":true,"href":"https:\/\/linitiative.ca\/International\/wp-json\/wp\/v2\/users\/1760"}],"replies":[{"embeddable":true,"href":"https:\/\/linitiative.ca\/International\/wp-json\/wp\/v2\/comments?post=117534"}],"version-history":[{"count":0,"href":"https:\/\/linitiative.ca\/International\/wp-json\/wp\/v2\/posts\/117534\/revisions"}],"wp:attachment":[{"href":"https:\/\/linitiative.ca\/International\/wp-json\/wp\/v2\/media?parent=117534"}],"wp:term":[{"taxonomy":"category","embeddable":true,"href":"https:\/\/linitiative.ca\/International\/wp-json\/wp\/v2\/categories?post=117534"},{"taxonomy":"post_tag","embeddable":true,"href":"https:\/\/linitiative.ca\/International\/wp-json\/wp\/v2\/tags?post=117534"}],"curies":[{"name":"wp","href":"https:\/\/api.w.org\/{rel}","templated":true}]}}