{"id":117535,"date":"2021-05-27T14:00:00","date_gmt":"2021-05-27T18:00:00","guid":{"rendered":"https:\/\/linitiative.ca\/International\/carla-fracci-reine-du-ballet-italien-meurt-a-84-ans\/"},"modified":"2021-05-27T14:00:00","modified_gmt":"2021-05-27T18:00:00","slug":"carla-fracci-reine-du-ballet-italien-meurt-a-84-ans","status":"publish","type":"post","link":"https:\/\/linitiative.ca\/International\/carla-fracci-reine-du-ballet-italien-meurt-a-84-ans\/","title":{"rendered":"Carla Fracci, reine du ballet italien, meurt \u00e0 84 ans"},"content":{"rendered":"<p><strong>La ballerine Carla Fracci, \u00e9toile de la danse classique italienne qui s\u2019est illustr\u00e9e aux c\u00f4t\u00e9s des plus grands danseurs de son si\u00e8cle, de Rudolf Noureev \u00e0 Mikha\u00efl Barychnikov, est d\u00e9c\u00e9d\u00e9e jeudi \u00e0 l\u2019\u00e2ge de 84 ans chez elle, \u00e0 Milan o\u00f9 elle avait d\u00e9but\u00e9 sa carri\u00e8re \u00e0 la Scala.<\/strong><\/p>\n<p>C\u2019est d\u2019ailleurs la prestigieuse intitution milanaise qui a annonc\u00e9 \u00ab\u00a0avec \u00e9motion la nouvelle de sa disparition\u00a0\u00bb, ajoutant: \u00ab\u00a0le Th\u00e9\u00e2tre, la ville et la danse perdent une figure historique, l\u00e9gendaire, qui a laiss\u00e9 une marque tr\u00e8s forte dans notre identit\u00e9 et a apport\u00e9 une contribution fondamentale au prestige de la culture italienne dans le monde\u00a0\u00bb.<\/p>\n<p>La nouvelle de son d\u00e9c\u00e8s a aussit\u00f4t suscit\u00e9 une pluie d\u2019hommages. \u00ab\u00a0La plus grande. Divine et \u00e9ternelle (\u2026) L\u2019Italie de la culture reconnaissante \u00e0 jamais, immense #CarlaFracci\u00a0\u00bb, a ainsi r\u00e9agi sur Twitter le ministre de la Culture Dario Franceschini.<\/p>\n<p>\u00ab\u00a0Avec Maria Taglioni (1804-1884), Carla Fracci a \u00e9t\u00e9 la personnalit\u00e9 plus importante de l\u2019histoire de la danse \u00e0 la Scala\u00a0\u00bb, a tenu \u00e0 souligner de son c\u00f4t\u00e9 le Fran\u00e7ais Dominique Meyer, directeur de la Scala, rappelant qu\u2019en janvier elle y \u00e9tait venue pour une ultime masterclass afin de pr\u00e9parer les \u00e9l\u00e8ves \u00e0 la reprise de \u00ab\u00a0Giselle\u00a0\u00bb, rest\u00e9 comme l\u2019un des sommets de ses interpr\u00e9tations.<\/p>\n<p>Le directeur du corps de ballet Manuel Legris, fran\u00e7ais \u00e9galement, a salu\u00e9 en elle \u00ab\u00a0une source d\u2019inspiration pour toutes les g\u00e9n\u00e9rations de danseuses\u00a0\u00bb.<\/p>\n<p>Connue dans la p\u00e9ninsule simplement comme \u00ab\u00a0La Fracci\u00a0\u00bb, cette \u00e9l\u00e9gante femme brune toujours v\u00eatue de blanc, qui a interpr\u00e9t\u00e9 plus de 200 personnages au cours de sa carri\u00e8re, avait \u00e9t\u00e9 nomm\u00e9e \u00e9toile au sein de la c\u00e9l\u00e8bre institution milanaise en 1958.<\/p>\n<p>C\u2019est en 1946, \u00e0 l\u2019\u00e2ge de neuf ans, que la fillette issue d\u2019un milieu modeste est admise \u00e0 l\u2019\u00e9cole de ballet de la Scala, o\u00f9 elle \u00e9tudie la danse notamment sous la houlette d\u2019Esm\u00e9e Bulnes et Vera Volkova, ce qui lui permet de b\u00e9n\u00e9ficier d\u2019une double tradition classique, milanaise et p\u00e9tersbourgeoise.<\/p>\n<p>A la fin de sa formation en 1954, elle est engag\u00e9e dans la troupe de la Scala. C\u2019est \u00e0 partir de l\u00e0 qu\u2019elle croise entre autres Luchino Visconti, Maria Callas, Leonard Bernstein\u2026 Sa rencontre avec le chor\u00e9graphe sud-africain John Cranko lui ouvre les portes d\u2019une carri\u00e8re internationale.<\/p>\n<p>Mais ce personnage haut en couleurs d\u00e9cide en 1963 de quitter la Scala o\u00f9 elle se consid\u00e8re sous-employ\u00e9e et mal pay\u00e9e.<\/p>\n<p>Avec l\u2019aide de son mari, le metteur en sc\u00e8ne Beppe Menegatti, elle devient donc ind\u00e9pendante. Appr\u00e9ci\u00e9e de chor\u00e9graphes comme John Cranko ou Roland Petit, elle se distingue par ses interpr\u00e9tations tr\u00e8s personnelles pour restituer l\u2019\u00e9motion des personnages f\u00e9minins qu\u2019elle incarne sur les planches.<\/p>\n<p>Elle participe aussi \u00e0 des cr\u00e9ations originales, par exemple sur des oeuvres de Mario Pistoni en 1966, ou de Roland Petit en 1996, ou \u00e0 des reconstitutions de danse d\u2019Isadora Duncan par Millicent Hodson, en 1990.<\/p>\n<p>Dans les ann\u00e9es 1970, ses interventions au Festival de V\u00e9rone (Nord) rencontrent un succ\u00e8s populaire. Elle prend d\u2019ailleurs la direction des Ballets des Ar\u00e8nes de V\u00e9rone de 1995 \u00e0 1997, puis du Ballet de l\u2019Op\u00e9ra de Rome en 2002.<\/p>\n<p>En 2004, elle avait \u00e9t\u00e9 nomm\u00e9e Ambassadrice de bonne volont\u00e9 de l\u2019Organisation des Nations unies pour l\u2019alimentation et l\u2019agriculture (FAO). \u00ab\u00a0Avec son \u00e9l\u00e9gance et son engagement artistique, Carla Fracci a honor\u00e9 notre pays\u00a0\u00bb, a estim\u00e9 le pr\u00e9sident de la R\u00e9publique italienne Sergio Mattarella.<\/p>\n<p>Auteur: M&rsquo;hammed rahal<br \/>\n<a href=\"http:\/\/albayane.press.ma\/carla-fracci-reine-du-ballet-italien-meurt-a-84-ans.html\">Cliquez ici pour lire l&rsquo;article depuis sa source.<\/a><\/p>\n","protected":false},"excerpt":{"rendered":"<p>La ballerine Carla Fracci, \u00e9toile de la danse classique italienne qui s\u2019est illustr\u00e9e aux c\u00f4t\u00e9s des plus grands danseurs de son si\u00e8cle, de Rudolf Noureev \u00e0 Mikha\u00efl Barychnikov, est d\u00e9c\u00e9d\u00e9e jeudi \u00e0 l\u2019\u00e2ge de 84 ans chez elle, \u00e0 Milan o\u00f9 elle avait d\u00e9but\u00e9 sa carri\u00e8re \u00e0 la Scala. C\u2019est d\u2019ailleurs la prestigieuse intitution milanaise [&hellip;]<\/p>\n","protected":false},"author":1760,"featured_media":0,"comment_status":"closed","ping_status":"closed","sticky":false,"template":"","format":"standard","meta":{"fifu_image_url":"","fifu_image_alt":"","footnotes":""},"categories":[73,54],"tags":[],"class_list":["post-117535","post","type-post","status-publish","format-standard","hentry","category-actualite","category-maroc"],"_links":{"self":[{"href":"https:\/\/linitiative.ca\/International\/wp-json\/wp\/v2\/posts\/117535","targetHints":{"allow":["GET"]}}],"collection":[{"href":"https:\/\/linitiative.ca\/International\/wp-json\/wp\/v2\/posts"}],"about":[{"href":"https:\/\/linitiative.ca\/International\/wp-json\/wp\/v2\/types\/post"}],"author":[{"embeddable":true,"href":"https:\/\/linitiative.ca\/International\/wp-json\/wp\/v2\/users\/1760"}],"replies":[{"embeddable":true,"href":"https:\/\/linitiative.ca\/International\/wp-json\/wp\/v2\/comments?post=117535"}],"version-history":[{"count":0,"href":"https:\/\/linitiative.ca\/International\/wp-json\/wp\/v2\/posts\/117535\/revisions"}],"wp:attachment":[{"href":"https:\/\/linitiative.ca\/International\/wp-json\/wp\/v2\/media?parent=117535"}],"wp:term":[{"taxonomy":"category","embeddable":true,"href":"https:\/\/linitiative.ca\/International\/wp-json\/wp\/v2\/categories?post=117535"},{"taxonomy":"post_tag","embeddable":true,"href":"https:\/\/linitiative.ca\/International\/wp-json\/wp\/v2\/tags?post=117535"}],"curies":[{"name":"wp","href":"https:\/\/api.w.org\/{rel}","templated":true}]}}