{"id":117538,"date":"2021-05-28T05:43:29","date_gmt":"2021-05-28T09:43:29","guid":{"rendered":"https:\/\/linitiative.ca\/International\/le-bilan-de-laction-des-tribunaux-administratifs-apres-la-constitution-de-2011-en-debats\/"},"modified":"2021-05-28T05:43:29","modified_gmt":"2021-05-28T09:43:29","slug":"le-bilan-de-laction-des-tribunaux-administratifs-apres-la-constitution-de-2011-en-debats","status":"publish","type":"post","link":"https:\/\/linitiative.ca\/International\/le-bilan-de-laction-des-tribunaux-administratifs-apres-la-constitution-de-2011-en-debats\/","title":{"rendered":"Le bilan de l\u2019action des tribunaux administratifs apr\u00e8s la Constitution de 2011 en d\u00e9bats"},"content":{"rendered":"<p><iframe loading=\"lazy\" width=\"1170\" height=\"658\" src=\"https:\/\/www.youtube.com\/embed\/fYzqaW-xgHs?start=6&amp;feature=oembed\" frameborder=\"0\" allow=\"accelerometer; autoplay; clipboard-write; encrypted-media; gyroscope; picture-in-picture\" allowfullscreen=\"allowfullscreen\">[embedded content]<\/iframe><\/p>\n<div class=\"single-post-excerpt post-excerpt-bc\" readability=\"37\">\n<p>Le bilan de l\u2019action des tribunaux administratifs apr\u00e8s la Constitution de 2011 et l\u2019\u00e9valuation de la jurisprudence de la justice administrative marocaine ont \u00e9t\u00e9 au c\u0153ur d\u2019un s\u00e9minaire organis\u00e9, jeudi \u00e0 Marrakech, avec la participation d\u2019un parterre de professeurs universitaires et d\u2019experts en la mati\u00e8re.<\/p>\n<\/div>\n<p>Auteur: Meriem IGASS<br \/>\n<a href=\"http:\/\/www.mapmarrakech.ma\/fr\/le-bilan-de-laction-des-tribunaux-administratifs-apres-la-constitution-de-2011-en-debats\/\">Cliquez ici pour lire l&rsquo;article depuis sa source.<\/a><\/p>\n","protected":false},"excerpt":{"rendered":"<p>[embedded content] Le bilan de l\u2019action des tribunaux administratifs apr\u00e8s la Constitution de 2011 et l\u2019\u00e9valuation de la jurisprudence de la justice administrative marocaine ont \u00e9t\u00e9 au c\u0153ur d\u2019un s\u00e9minaire organis\u00e9, jeudi \u00e0 Marrakech, avec la participation d\u2019un parterre de professeurs universitaires et d\u2019experts en la mati\u00e8re. Auteur: Meriem IGASS Cliquez ici pour lire l&rsquo;article [&hellip;]<\/p>\n","protected":false},"author":1788,"featured_media":0,"comment_status":"closed","ping_status":"closed","sticky":false,"template":"","format":"standard","meta":{"fifu_image_url":"","fifu_image_alt":"","footnotes":""},"categories":[54,76],"tags":[],"class_list":["post-117538","post","type-post","status-publish","format-standard","hentry","category-maroc","category-regions"],"_links":{"self":[{"href":"https:\/\/linitiative.ca\/International\/wp-json\/wp\/v2\/posts\/117538","targetHints":{"allow":["GET"]}}],"collection":[{"href":"https:\/\/linitiative.ca\/International\/wp-json\/wp\/v2\/posts"}],"about":[{"href":"https:\/\/linitiative.ca\/International\/wp-json\/wp\/v2\/types\/post"}],"author":[{"embeddable":true,"href":"https:\/\/linitiative.ca\/International\/wp-json\/wp\/v2\/users\/1788"}],"replies":[{"embeddable":true,"href":"https:\/\/linitiative.ca\/International\/wp-json\/wp\/v2\/comments?post=117538"}],"version-history":[{"count":0,"href":"https:\/\/linitiative.ca\/International\/wp-json\/wp\/v2\/posts\/117538\/revisions"}],"wp:attachment":[{"href":"https:\/\/linitiative.ca\/International\/wp-json\/wp\/v2\/media?parent=117538"}],"wp:term":[{"taxonomy":"category","embeddable":true,"href":"https:\/\/linitiative.ca\/International\/wp-json\/wp\/v2\/categories?post=117538"},{"taxonomy":"post_tag","embeddable":true,"href":"https:\/\/linitiative.ca\/International\/wp-json\/wp\/v2\/tags?post=117538"}],"curies":[{"name":"wp","href":"https:\/\/api.w.org\/{rel}","templated":true}]}}