{"id":117540,"date":"2021-05-28T11:24:51","date_gmt":"2021-05-28T15:24:51","guid":{"rendered":"https:\/\/linitiative.ca\/International\/mobilisation-pour-la-reussite-du-systeme-du-bachelor-2\/"},"modified":"2021-05-28T11:24:51","modified_gmt":"2021-05-28T15:24:51","slug":"mobilisation-pour-la-reussite-du-systeme-du-bachelor-2","status":"publish","type":"post","link":"https:\/\/linitiative.ca\/International\/mobilisation-pour-la-reussite-du-systeme-du-bachelor-2\/","title":{"rendered":"Mobilisation pour la r\u00e9ussite du syst\u00e8me du Bachelor"},"content":{"rendered":"<p><iframe loading=\"lazy\" width=\"1170\" height=\"658\" src=\"https:\/\/www.youtube.com\/embed\/A42wKL4h2t4?feature=oembed\" frameborder=\"0\" allow=\"accelerometer; autoplay; clipboard-write; encrypted-media; gyroscope; picture-in-picture\" allowfullscreen=\"allowfullscreen\">[embedded content]<\/iframe><\/p>\n<div class=\"single-post-excerpt post-excerpt-bc\" readability=\"41\">\n<p>Le minist\u00e8re de l\u2019Education Nationale, de la Formation Professionnelle, de l\u2019Enseignement Sup\u00e9rieur et de la Recherche Scientifique, s\u2019engage \u00e0 mobiliser l\u2019ensemble des moyens n\u00e9cessaires \u00e0 la r\u00e9ussite du chantier de la mise en \u0153uvre du syst\u00e8me du Bachelor, a affirm\u00e9 jeudi \u00e0 Marrakech, le Secr\u00e9taire G\u00e9n\u00e9ral du D\u00e9partement de l\u2019enseignement sup\u00e9rieur et de la recherche scientifique, Mohamed Khalfaoui.<\/p>\n<\/div>\n<p>Auteur: Meriem IGASS<br \/>\n<a href=\"http:\/\/www.mapmarrakech.ma\/fr\/mobilisation-pour-la-reussite-du-systeme-du-bachelor-2\/\">Cliquez ici pour lire l&rsquo;article depuis sa source.<\/a><\/p>\n","protected":false},"excerpt":{"rendered":"<p>[embedded content] Le minist\u00e8re de l\u2019Education Nationale, de la Formation Professionnelle, de l\u2019Enseignement Sup\u00e9rieur et de la Recherche Scientifique, s\u2019engage \u00e0 mobiliser l\u2019ensemble des moyens n\u00e9cessaires \u00e0 la r\u00e9ussite du chantier de la mise en \u0153uvre du syst\u00e8me du Bachelor, a affirm\u00e9 jeudi \u00e0 Marrakech, le Secr\u00e9taire G\u00e9n\u00e9ral du D\u00e9partement de l\u2019enseignement sup\u00e9rieur et de [&hellip;]<\/p>\n","protected":false},"author":1788,"featured_media":0,"comment_status":"closed","ping_status":"closed","sticky":false,"template":"","format":"standard","meta":{"fifu_image_url":"","fifu_image_alt":"","footnotes":""},"categories":[54,76],"tags":[],"class_list":["post-117540","post","type-post","status-publish","format-standard","hentry","category-maroc","category-regions"],"_links":{"self":[{"href":"https:\/\/linitiative.ca\/International\/wp-json\/wp\/v2\/posts\/117540","targetHints":{"allow":["GET"]}}],"collection":[{"href":"https:\/\/linitiative.ca\/International\/wp-json\/wp\/v2\/posts"}],"about":[{"href":"https:\/\/linitiative.ca\/International\/wp-json\/wp\/v2\/types\/post"}],"author":[{"embeddable":true,"href":"https:\/\/linitiative.ca\/International\/wp-json\/wp\/v2\/users\/1788"}],"replies":[{"embeddable":true,"href":"https:\/\/linitiative.ca\/International\/wp-json\/wp\/v2\/comments?post=117540"}],"version-history":[{"count":0,"href":"https:\/\/linitiative.ca\/International\/wp-json\/wp\/v2\/posts\/117540\/revisions"}],"wp:attachment":[{"href":"https:\/\/linitiative.ca\/International\/wp-json\/wp\/v2\/media?parent=117540"}],"wp:term":[{"taxonomy":"category","embeddable":true,"href":"https:\/\/linitiative.ca\/International\/wp-json\/wp\/v2\/categories?post=117540"},{"taxonomy":"post_tag","embeddable":true,"href":"https:\/\/linitiative.ca\/International\/wp-json\/wp\/v2\/tags?post=117540"}],"curies":[{"name":"wp","href":"https:\/\/api.w.org\/{rel}","templated":true}]}}