{"id":117543,"date":"2021-05-27T20:59:33","date_gmt":"2021-05-28T00:59:33","guid":{"rendered":"https:\/\/linitiative.ca\/International\/police-mise-en-place-de-la-brigade-regionale-des-artificiers-doujda\/"},"modified":"2021-05-27T20:59:33","modified_gmt":"2021-05-28T00:59:33","slug":"police-mise-en-place-de-la-brigade-regionale-des-artificiers-doujda","status":"publish","type":"post","link":"https:\/\/linitiative.ca\/International\/police-mise-en-place-de-la-brigade-regionale-des-artificiers-doujda\/","title":{"rendered":"Police : Mise en place de la brigade r\u00e9gionale des artificiers d\u2019Oujda"},"content":{"rendered":"<p><!--<![endif]--><br \/>\n\t<head><br \/>\n\t\t\t\t<meta charset=\"UTF-8\"\/><br \/>\n\t\t<meta http-equiv=\"X-UA-Compatible\" content=\"IE=edge\"\/><br \/>\n\t\t<meta name=\"viewport\" content=\"width=device-width, initial-scale=1.0\"\/>\n\t\t<link rel=\"pingback\" href=\"http:\/\/www.mapoujda.ma\/xmlrpc.php\"\/>\n<p>\t\t<title>Police : Mise en place de la brigade r\u00e9gionale des artificiers d\u2019Oujda | MapOujda<\/title><\/p>\n<p><!-- This site is optimized with the Yoast SEO plugin v8.4 - https:\/\/yoast.com\/wordpress\/plugins\/seo\/ -->\n<link rel=\"canonical\" href=\"http:\/\/www.mapoujda.ma\/fr\/police-mise-en-place-de-la-brigade-regionale-des-artificiers-doujda-2\/\"\/>\n<meta property=\"og:locale\" content=\"fr_FR\"\/><br \/>\n<meta property=\"og:locale:alternate\" content=\"ar_AR\"\/><br \/>\n<meta property=\"og:type\" content=\"article\"\/><br \/>\n<meta property=\"og:title\" content=\"Police : Mise en place de la brigade r\u00e9gionale des artificiers d\u2019Oujda | MapOujda\"\/><br \/>\n<meta property=\"og:description\" content=\"La Direction g\u00e9n\u00e9rale de la S\u00fbret\u00e9 nationale (DGSN) a proc\u00e9d\u00e9, jeudi, \u00e0 la mise en place de la brigade r\u00e9gionale des artificiers d\u2019Oujda.\"\/><br \/>\n<meta property=\"og:url\" content=\"http:\/\/www.mapoujda.ma\/fr\/police-mise-en-place-de-la-brigade-regionale-des-artificiers-doujda-2\/\"\/><br \/>\n<meta property=\"og:site_name\" content=\"MapOujda\"\/><br \/>\n<meta property=\"article:publisher\" content=\"https:\/\/www.facebook.com\/Mapoujdapress\"\/><br \/>\n<meta property=\"article:section\" content=\"Vid\u00e9os\"\/><br \/>\n<meta property=\"article:published_time\" content=\"2021-05-28T00:59:33+00:00\"\/><br \/>\n<meta property=\"og:image\" content=\"http:\/\/www.mapoujda.ma\/map\/uploads\/2021\/05\/-\u0627\u0646\u0637\u0644\u0627\u0642\u0629-\u0639\u0645\u0644-\u0627\u0644\u0641\u0631\u0642\u0629-\u0627\u0644\u062c\u0647\u0648\u064a\u0629-\u0644\u062a\u0642\u0646\u064a\u064a-\u0627\u0644\u0645\u062a\u0641\u062c\u0631\u0627\u062a-\u0628\u0648\u062c\u062f\u0629-e1622163548359.jpg\"\/><br \/>\n<meta property=\"og:image:width\" content=\"750\"\/><br \/>\n<meta property=\"og:image:height\" content=\"422\"\/><br \/>\n<meta name=\"twitter:card\" content=\"summary_large_image\"\/><br \/>\n<meta name=\"twitter:description\" content=\"La Direction g\u00e9n\u00e9rale de la S\u00fbret\u00e9 nationale (DGSN) a proc\u00e9d\u00e9, jeudi, \u00e0 la mise en place de la brigade r\u00e9gionale des artificiers d\u2019Oujda.\"\/><br \/>\n<meta name=\"twitter:title\" content=\"Police : Mise en place de la brigade r\u00e9gionale des artificiers d\u2019Oujda | MapOujda\"\/><br \/>\n<meta name=\"twitter:site\" content=\"@MAP_Oujda\"\/><br \/>\n<meta name=\"twitter:image\" content=\"http:\/\/www.mapoujda.ma\/map\/uploads\/2021\/05\/-\u0627\u0646\u0637\u0644\u0627\u0642\u0629-\u0639\u0645\u0644-\u0627\u0644\u0641\u0631\u0642\u0629-\u0627\u0644\u062c\u0647\u0648\u064a\u0629-\u0644\u062a\u0642\u0646\u064a\u064a-\u0627\u0644\u0645\u062a\u0641\u062c\u0631\u0627\u062a-\u0628\u0648\u062c\u062f\u0629-e1622163548359.jpg\"\/><br \/>\n<meta name=\"twitter:creator\" content=\"@MAP_Oujda\"\/><\/p>\n<p><!-- \/ Yoast SEO plugin. --><\/p>\n<link rel=\"dns-prefetch\" href=\"\/\/s.w.org\"\/>\n<link rel=\"alternate\" type=\"application\/rss+xml\" title=\"MapOujda \u00bb Flux\" href=\"http:\/\/www.mapoujda.ma\/fr\/feed\/\"\/>\n<link rel=\"alternate\" type=\"application\/rss+xml\" title=\"MapOujda \u00bb Flux des commentaires\" href=\"http:\/\/www.mapoujda.ma\/fr\/comments\/feed\/\"\/>\n<link rel=\"stylesheet\" id=\"contact-form-7-css\" href=\"http:\/\/www.mapoujda.ma\/map\/plugins\/contact-form-7\/includes\/css\/styles.css?ver=5.0.2\" type=\"text\/css\" media=\"all\"\/>\n<link rel=\"stylesheet\" id=\"font-awesome-css\" href=\"http:\/\/www.mapoujda.ma\/map\/plugins\/ultimate-carousel-for-visual-composer\/\/css\/css\/font-awesome.min.css?ver=c9e60762ec605466b36ca07dc86ab46b\" type=\"text\/css\" media=\"all\"\/>\n<link rel=\"stylesheet\" id=\"publisher-child-css\" href=\"http:\/\/www.mapoujda.ma\/map\/themes\/publisher-child\/style.css?ver=1.0.0\" type=\"text\/css\" media=\"all\"\/>\n<p><!--[if lt IE 9]>\n<script type='text\/javascript' src='http:\/\/www.mapoujda.ma\/map\/plugins\/better-social-counter\/includes\/libs\/better-framework\/assets\/js\/html5shiv.min.js?ver=3.7.2'><\/script>\n<![endif]--><br \/>\n<!--[if lt IE 9]>\n<script type='text\/javascript' src='http:\/\/www.mapoujda.ma\/map\/plugins\/better-social-counter\/includes\/libs\/better-framework\/assets\/js\/respond.min.js?ver=3.7.2'><\/script>\n<![endif]-->\n<link rel=\"https:\/\/api.w.org\/\" href=\"http:\/\/www.mapoujda.ma\/wp-json\/\"\/>\n<link rel=\"EditURI\" type=\"application\/rsd+xml\" title=\"RSD\" href=\"http:\/\/www.mapoujda.ma\/xmlrpc.php?rsd\"\/>\n<link rel=\"wlwmanifest\" type=\"application\/wlwmanifest+xml\" href=\"http:\/\/www.mapoujda.ma\/wp-includes\/wlwmanifest.xml\"\/>\n<link rel=\"shortlink\" href=\"http:\/\/www.mapoujda.ma\/?p=29387\"\/>\n<link rel=\"alternate\" type=\"application\/json+oembed\" href=\"http:\/\/www.mapoujda.ma\/wp-json\/oembed\/1.0\/embed?url=http%3A%2F%2Fwww.mapoujda.ma%2Ffr%2Fpolice-mise-en-place-de-la-brigade-regionale-des-artificiers-doujda-2%2F\"\/>\n<link rel=\"alternate\" type=\"text\/xml+oembed\" href=\"http:\/\/www.mapoujda.ma\/wp-json\/oembed\/1.0\/embed?url=http%3A%2F%2Fwww.mapoujda.ma%2Ffr%2Fpolice-mise-en-place-de-la-brigade-regionale-des-artificiers-doujda-2%2F&amp;format=xml\"\/>\n<link rel=\"alternate\" href=\"http:\/\/www.mapoujda.ma\/%d8%b4%d8%b1%d8%b7%d8%a9-%d8%a7%d9%86%d8%b7%d9%84%d8%a7%d9%82-%d8%b9%d9%85%d9%84-%d8%a7%d9%84%d9%81%d8%b1%d9%82%d8%a9-%d8%a7%d9%84%d8%ac%d9%87%d9%88%d9%8a%d8%a9-%d9%84%d8%aa%d9%82%d9%86%d9%8a%d9%8a-2\/\" hreflang=\"ar\"\/>\n<link rel=\"alternate\" href=\"http:\/\/www.mapoujda.ma\/fr\/police-mise-en-place-de-la-brigade-regionale-des-artificiers-doujda-2\/\" hreflang=\"fr\"\/>\n<p><!-- Global site tag (gtag.js) - Google Analytics --><\/p>\n<p><!--[if lte IE 9]><link rel=\"stylesheet\" type=\"text\/css\" href=\"http:\/\/www.mapoujda.ma\/map\/plugins\/js_composer\/assets\/css\/vc_lte_ie9.min.css\" media=\"screen\"><![endif]--><\/p>\n<link rel=\"stylesheet\" id=\"bf-minifed-css-1\" href=\"http:\/\/www.mapoujda.ma\/map\/bs-booster-cache\/513116a0cd401620b141ad2a93c69eb7.css\" type=\"text\/css\" media=\"all\"\/>\n<link rel=\"stylesheet\" id=\"4.0.0-1622217873\" href=\"http:\/\/www.mapoujda.ma\/map\/bs-booster-cache\/80903a4e506bd9007502c0b6035bd795.css\" type=\"text\/css\" media=\"all\"\/>\n<link rel=\"icon\" href=\"http:\/\/www.mapoujda.ma\/map\/uploads\/2018\/05\/logo-arabe-favicon.png\" sizes=\"32x32\"\/>\n<link rel=\"icon\" href=\"http:\/\/www.mapoujda.ma\/map\/uploads\/2018\/05\/logo-arabe-favicon.png\" sizes=\"192x192\"\/>\n<link rel=\"apple-touch-icon-precomposed\" href=\"http:\/\/www.mapoujda.ma\/map\/uploads\/2018\/05\/logo-arabe-favicon.png\"\/>\n<meta name=\"msapplication-TileImage\" content=\"http:\/\/www.mapoujda.ma\/map\/uploads\/2018\/05\/logo-arabe-favicon.png\"\/><br \/>\n<noscript\/>\t\t<link href=\"http:\/\/www.mapoujda.ma\/map\/themes\/publisher\/owl\/owl.theme.default.css\" rel=\"stylesheet\"\/>\n\t\t<link href=\"http:\/\/www.mapoujda.ma\/map\/themes\/publisher\/owl\/owl.carousel.min.css\" rel=\"stylesheet\"\/>\n<p>\t\t<!-- AddEvent script --><\/p>\n<p>\t<\/head><\/p>\n<p><body class=\"post-template-default single single-post postid-29387 single-format-video active-light-box active-top-line ltr close-rh page-layout-2-col-right full-width active-sticky-sidebar main-menu-sticky-smart active-ajax-search single-prim-cat-724 single-cat-724 single-cat-726  wpb-js-composer js-comp-ver-5.4.7 vc_responsive bs-ll-a\" dir=\"ltr\" id=\"readabilityBody\"><\/p>\n<div class=\"main-wrap content-main-wrap\">\n\t\t\t<!-- .site-header --><br \/>\n\t<!-- .rh-header --><\/p>\n<nav role=\"navigation\" aria-label=\"Breadcrumbs\" class=\"bf-breadcrumb clearfix bc-top-style\">\n<div class=\"container bf-breadcrumb-container\">\n<ul class=\"bf-breadcrumb-items\" itemscope=\"\" itemtype=\"http:\/\/schema.org\/BreadcrumbList\"><meta name=\"numberOfItems\" content=\"3\"\/><meta name=\"itemListOrder\" content=\"Ascending\"\/><\/p>\n<li itemprop=\"itemListElement\" itemscope=\"\" itemtype=\"http:\/\/schema.org\/ListItem\" class=\"bf-breadcrumb-item bf-breadcrumb-begin\"><a itemprop=\"item\" href=\"http:\/\/www.mapoujda.ma\" rel=\"home\"><span itemprop=\"name\">Accueil<\/span><meta itemprop=\"position\" content=\"1\"\/><\/a><\/li>\n<li itemprop=\"itemListElement\" itemscope=\"\" itemtype=\"http:\/\/schema.org\/ListItem\" class=\"bf-breadcrumb-item\"><a itemprop=\"item\" href=\"http:\/\/www.mapoujda.ma\/fr\/category\/videos\/\"><span itemprop=\"name\">Vid\u00e9os<\/span><meta itemprop=\"position\" content=\"2\"\/><\/a><\/li>\n<li itemprop=\"itemListElement\" itemscope=\"\" itemtype=\"http:\/\/schema.org\/ListItem\" class=\"bf-breadcrumb-item bf-breadcrumb-end\"><span itemprop=\"name\">Police : Mise en place de la brigade r\u00e9gionale des artificiers d\u2019Oujda<\/span><meta itemprop=\"position\" content=\"3\"\/><meta itemprop=\"item\" content=\"http:\/\/www.mapoujda.ma\/fr\/police-mise-en-place-de-la-brigade-regionale-des-artificiers-doujda-2\/\"\/><\/li>\n<\/ul>\n<\/div>\n<\/nav>\n<p><!-- .content-wrap --><br \/>\n\t<!-- .footer -->\n\t\t<\/div>\n<p><!-- .main-wrap --><br \/>\n\t\t\t<span class=\"back-top\"><i class=\"fa fa-arrow-up\"\/><\/span><\/p>\n<p>\t\t<!--[if lt IE 9]>\n\t\t<script type='text\/javascript'\n\t\t        src='https:\/\/cdnjs.cloudflare.com\/ajax\/libs\/ace\/1.2.8\/ext-old_ie.js'><\/script>\n\t\t<![endif]--><\/p>\n<p><\/body><\/p>\n<p>Auteur: Soufiane ELAHMAR<br \/>\n<a href=\"http:\/\/www.mapoujda.ma\/fr\/police-mise-en-place-de-la-brigade-regionale-des-artificiers-doujda-2\/\">Cliquez ici pour lire l&rsquo;article depuis sa source.<\/a><\/p>\n","protected":false},"excerpt":{"rendered":"<p>Police : Mise en place de la brigade r\u00e9gionale des artificiers d\u2019Oujda | MapOujda Accueil Vid\u00e9os Police : Mise en place de la brigade r\u00e9gionale des artificiers d\u2019Oujda Auteur: Soufiane ELAHMAR Cliquez ici pour lire l&rsquo;article depuis sa source.<\/p>\n","protected":false},"author":1788,"featured_media":0,"comment_status":"closed","ping_status":"closed","sticky":false,"template":"","format":"standard","meta":{"fifu_image_url":"","fifu_image_alt":"","footnotes":""},"categories":[54,76],"tags":[],"class_list":["post-117543","post","type-post","status-publish","format-standard","hentry","category-maroc","category-regions"],"_links":{"self":[{"href":"https:\/\/linitiative.ca\/International\/wp-json\/wp\/v2\/posts\/117543","targetHints":{"allow":["GET"]}}],"collection":[{"href":"https:\/\/linitiative.ca\/International\/wp-json\/wp\/v2\/posts"}],"about":[{"href":"https:\/\/linitiative.ca\/International\/wp-json\/wp\/v2\/types\/post"}],"author":[{"embeddable":true,"href":"https:\/\/linitiative.ca\/International\/wp-json\/wp\/v2\/users\/1788"}],"replies":[{"embeddable":true,"href":"https:\/\/linitiative.ca\/International\/wp-json\/wp\/v2\/comments?post=117543"}],"version-history":[{"count":0,"href":"https:\/\/linitiative.ca\/International\/wp-json\/wp\/v2\/posts\/117543\/revisions"}],"wp:attachment":[{"href":"https:\/\/linitiative.ca\/International\/wp-json\/wp\/v2\/media?parent=117543"}],"wp:term":[{"taxonomy":"category","embeddable":true,"href":"https:\/\/linitiative.ca\/International\/wp-json\/wp\/v2\/categories?post=117543"},{"taxonomy":"post_tag","embeddable":true,"href":"https:\/\/linitiative.ca\/International\/wp-json\/wp\/v2\/tags?post=117543"}],"curies":[{"name":"wp","href":"https:\/\/api.w.org\/{rel}","templated":true}]}}