{"id":117545,"date":"2021-05-28T11:56:34","date_gmt":"2021-05-28T15:56:34","guid":{"rendered":"https:\/\/linitiative.ca\/International\/partenariat-entre-le-cri-de-loriental-et-latpe\/"},"modified":"2021-05-28T11:56:34","modified_gmt":"2021-05-28T15:56:34","slug":"partenariat-entre-le-cri-de-loriental-et-latpe","status":"publish","type":"post","link":"https:\/\/linitiative.ca\/International\/partenariat-entre-le-cri-de-loriental-et-latpe\/","title":{"rendered":"Partenariat entre le CRI de l\u2019Oriental et l\u2019ATPE"},"content":{"rendered":"<div class=\"single-featured\"><img alt=\"\" data-src=\"http:\/\/www.mapoujda.ma\/map\/uploads\/2020\/04\/Le-Centre-r\u00e9gional-d\u2019investissement-de-l\u2019Oriental-M750\u00d7430-MAP.jpg\"\/><\/div>\n<div class=\"entry-content clearfix single-post-content\" readability=\"48\">\n<p class=\"c4\">Le Centre r\u00e9gional d\u2019investissement (CRI) de l\u2019Oriental et l\u2019Association des tr\u00e8s petites entreprises (ATPE) ont sign\u00e9 r\u00e9cemment une convention de partenariat visant l\u2019accompagnement et le renforcement des capacit\u00e9s entrepreneuriales des porteurs de projets dans la r\u00e9gion de l\u2019Oriental.<\/p>\n<p class=\"c4\">Ciblant les auto-entrepreneurs et les Tr\u00e8s petites entreprises (TPE), la convention de partenariat pr\u00e9voit des s\u00e9ances de formation pour 200 porteurs de projets, indique le CRI.<\/p>\n<p class=\"c4\">Les formations portent aussi bien sur les aspects en amont (Validation de l\u2019id\u00e9e, validation du Business Model et r\u00e9alisation du Business Plan\u2026), que sur la phase de cr\u00e9ation du projet (Statut juridique, proc\u00e9dures de cr\u00e9ation\u2026) et post-cr\u00e9ation (renforcement des comp\u00e9tences manag\u00e9riales et entrepreneuriales\u2026).<\/p>\n<\/div>\n<p>Auteur: Soufiane ELAHMAR<br \/>\n<a href=\"http:\/\/www.mapoujda.ma\/fr\/partenariat-entre-le-cri-de-loriental-et-latpe\/\">Cliquez ici pour lire l&rsquo;article depuis sa source.<\/a><\/p>\n","protected":false},"excerpt":{"rendered":"<p>Le Centre r\u00e9gional d\u2019investissement (CRI) de l\u2019Oriental et l\u2019Association des tr\u00e8s petites entreprises (ATPE) ont sign\u00e9 r\u00e9cemment une convention de partenariat visant l\u2019accompagnement et le renforcement des capacit\u00e9s entrepreneuriales des porteurs de projets dans la r\u00e9gion de l\u2019Oriental. Ciblant les auto-entrepreneurs et les Tr\u00e8s petites entreprises (TPE), la convention de partenariat pr\u00e9voit des s\u00e9ances de [&hellip;]<\/p>\n","protected":false},"author":1788,"featured_media":0,"comment_status":"closed","ping_status":"closed","sticky":false,"template":"","format":"standard","meta":{"fifu_image_url":"http:\/\/www.mapoujda.ma\/map\/uploads\/2020\/04\/Le-Centre-r\u00e9gional-d\u2019investissement-de-l\u2019Oriental-M750\u00d7430-MAP.jpg","fifu_image_alt":"Partenariat entre le CRI de l\u2019Oriental et l\u2019ATPE","footnotes":""},"categories":[54,76],"tags":[],"class_list":["post-117545","post","type-post","status-publish","format-standard","hentry","category-maroc","category-regions"],"_links":{"self":[{"href":"https:\/\/linitiative.ca\/International\/wp-json\/wp\/v2\/posts\/117545","targetHints":{"allow":["GET"]}}],"collection":[{"href":"https:\/\/linitiative.ca\/International\/wp-json\/wp\/v2\/posts"}],"about":[{"href":"https:\/\/linitiative.ca\/International\/wp-json\/wp\/v2\/types\/post"}],"author":[{"embeddable":true,"href":"https:\/\/linitiative.ca\/International\/wp-json\/wp\/v2\/users\/1788"}],"replies":[{"embeddable":true,"href":"https:\/\/linitiative.ca\/International\/wp-json\/wp\/v2\/comments?post=117545"}],"version-history":[{"count":0,"href":"https:\/\/linitiative.ca\/International\/wp-json\/wp\/v2\/posts\/117545\/revisions"}],"wp:attachment":[{"href":"https:\/\/linitiative.ca\/International\/wp-json\/wp\/v2\/media?parent=117545"}],"wp:term":[{"taxonomy":"category","embeddable":true,"href":"https:\/\/linitiative.ca\/International\/wp-json\/wp\/v2\/categories?post=117545"},{"taxonomy":"post_tag","embeddable":true,"href":"https:\/\/linitiative.ca\/International\/wp-json\/wp\/v2\/tags?post=117545"}],"curies":[{"name":"wp","href":"https:\/\/api.w.org\/{rel}","templated":true}]}}