{"id":117548,"date":"2021-05-28T15:14:20","date_gmt":"2021-05-28T19:14:20","guid":{"rendered":"https:\/\/linitiative.ca\/International\/international-officiel-david-alaba-rejoint-le-real-madrid\/"},"modified":"2021-05-28T15:14:20","modified_gmt":"2021-05-28T19:14:20","slug":"international-officiel-david-alaba-rejoint-le-real-madrid","status":"publish","type":"post","link":"https:\/\/linitiative.ca\/International\/international-officiel-david-alaba-rejoint-le-real-madrid\/","title":{"rendered":"International : Officiel: David Alaba rejoint le Real Madrid"},"content":{"rendered":"<div readability=\"32\">\n<p>Auteur : <span class=\"time\">vendredi 28 mai 2021 17:17<\/span><\/p>\n<\/div>\n<div id=\"post_core\" readability=\"49\">\n<p>Comme annonc\u00e9 depuis plusieurs mois, le d\u00e9fenseur autrichien David Alaba rejoint le Real Madrid apr\u00e8s avoir termin\u00e9 son contrat avec le Bayern Munich: \u00ab\u00a0Le Real Madrid a trouv\u00e9 un accord avec le joueur David Alaba, qui signe avec le club pour les cinq prochaines saisons. Il sera pr\u00e9sent\u00e9 en tant que nouveau joueur du Real Madrid apr\u00e8s la fin de l&rsquo;Euro 2021\u00a0\u00bb, a annonc\u00e9 le Real Madrid dans son communiqu\u00e9. Apr\u00e8s toute une carri\u00e8re professionnelle pass\u00e9e en Allemagne et principalement au Bayern Munich, David Alaba a d\u00e9cid\u00e9 de go\u00fbter \u00e0 une nouvelle aventure \u00e0 l&rsquo;\u00e2ge de 28 ans. Alors que son contrat avec le club bavarois \u00e9tait sur le point de se terminer, le d\u00e9fenseur autrichien a choisi de ne pas prolonger et signe dans un autre grand club europ\u00e9en : le Real Madrid. Depuis le d\u00e9but d&rsquo;ann\u00e9e, les rumeurs concernant un d\u00e9part du d\u00e9fenseur vers l&rsquo;Espagne s&rsquo;\u00e9taient intensifi\u00e9e. Et s&rsquo;il avait le choix entre le Real et le Bar\u00e7a, Alaba a finalement choisi le club de la capitale. Sergio Ramos \u00e9tant en fin de contrat, et Rapha\u00ebl Varane se rapprochant de la porte de sortie \u00e0 un an de la fin de son bail, le club merengue avait besoin de renforts pour sa d\u00e9fense. \u00a0David Alaba est un renfort de taille. Vainqueur de 2 Ligue des champions, 10 Bundesliga et 6 Coupes d&rsquo;Allemagne, entre autres, le d\u00e9fenseur autrichien est une v\u00e9ritable r\u00e9f\u00e9rence \u00e0 son poste en Europe rapporte fr.besoccer.com.<\/p>\n<p><strong>Publi\u00e9 dans :<\/strong> <span>real madrid<\/span> <span>David Alaba<\/span><\/p>\n<\/div>\n<p>Auteur:<br \/>\n<a href=\"http:\/\/www.lebuteur.com\/article\/detail?titre=officiel-david-alaba-rejoint-le-real-madrid&#038;id=100206&#038;utm_source=feedburner&#038;utm_medium=feed&#038;utm_campaign=Feed%3A+GalerieFArtciles+%28Les+derniers+articles++-+lebuteur.com%29\">Cliquez ici pour lire l&rsquo;article depuis sa source.<\/a><\/p>\n","protected":false},"excerpt":{"rendered":"<p>Auteur : vendredi 28 mai 2021 17:17 Comme annonc\u00e9 depuis plusieurs mois, le d\u00e9fenseur autrichien David Alaba rejoint le Real Madrid apr\u00e8s avoir termin\u00e9 son contrat avec le Bayern Munich: \u00ab\u00a0Le Real Madrid a trouv\u00e9 un accord avec le joueur David Alaba, qui signe avec le club pour les cinq prochaines saisons. Il sera pr\u00e9sent\u00e9 [&hellip;]<\/p>\n","protected":false},"author":1738,"featured_media":0,"comment_status":"closed","ping_status":"closed","sticky":false,"template":"","format":"standard","meta":{"fifu_image_url":"\/\/cdn.lebuteur.com\/data\/images\/article\/thumbs\/large-officiel-david-alaba-rejoint-le-real-madrid-8b696.jpg","fifu_image_alt":"International : Officiel: David Alaba rejoint le Real Madrid","footnotes":""},"categories":[53,75],"tags":[],"class_list":["post-117548","post","type-post","status-publish","format-standard","hentry","category-algerie","category-sport"],"_links":{"self":[{"href":"https:\/\/linitiative.ca\/International\/wp-json\/wp\/v2\/posts\/117548","targetHints":{"allow":["GET"]}}],"collection":[{"href":"https:\/\/linitiative.ca\/International\/wp-json\/wp\/v2\/posts"}],"about":[{"href":"https:\/\/linitiative.ca\/International\/wp-json\/wp\/v2\/types\/post"}],"author":[{"embeddable":true,"href":"https:\/\/linitiative.ca\/International\/wp-json\/wp\/v2\/users\/1738"}],"replies":[{"embeddable":true,"href":"https:\/\/linitiative.ca\/International\/wp-json\/wp\/v2\/comments?post=117548"}],"version-history":[{"count":0,"href":"https:\/\/linitiative.ca\/International\/wp-json\/wp\/v2\/posts\/117548\/revisions"}],"wp:attachment":[{"href":"https:\/\/linitiative.ca\/International\/wp-json\/wp\/v2\/media?parent=117548"}],"wp:term":[{"taxonomy":"category","embeddable":true,"href":"https:\/\/linitiative.ca\/International\/wp-json\/wp\/v2\/categories?post=117548"},{"taxonomy":"post_tag","embeddable":true,"href":"https:\/\/linitiative.ca\/International\/wp-json\/wp\/v2\/tags?post=117548"}],"curies":[{"name":"wp","href":"https:\/\/api.w.org\/{rel}","templated":true}]}}