{"id":117549,"date":"2021-05-28T15:14:22","date_gmt":"2021-05-28T19:14:22","guid":{"rendered":"https:\/\/linitiative.ca\/International\/international-juve-pirlo-reagit-a-son-depart\/"},"modified":"2021-05-28T15:14:22","modified_gmt":"2021-05-28T19:14:22","slug":"international-juve-pirlo-reagit-a-son-depart","status":"publish","type":"post","link":"https:\/\/linitiative.ca\/International\/international-juve-pirlo-reagit-a-son-depart\/","title":{"rendered":"International : Juve : Pirlo r\u00e9agit \u00e0 son d\u00e9part"},"content":{"rendered":"<div readability=\"32\">\n<p>Auteur : <span class=\"time\">vendredi 28 mai 2021 18:00<\/span><\/p>\n<\/div>\n<div id=\"post_core\" readability=\"53\">\n<p>Le technicien italien regrette la d\u00e9cision de sa direction, alors qu&rsquo;il estime avoir \u00ab\u00a0atteint les objectifs\u00a0\u00bb demand\u00e9s en d\u00e9but de saison.<\/p>\n<p>\u00ab\u00a0Si je devais revenir en arri\u00e8re, je ferais exactement le m\u00eame choix, bien que conscient de tous les obstacles que j&rsquo;ai rencontr\u00e9s li\u00e9s \u00e0 une p\u00e9riode aussi difficile pour tout le monde, qui m&rsquo;ont emp\u00each\u00e9 de planifier au mieux mes intentions et mon style de jeu, mais au cours de laquelle cependant, j&rsquo;ai atteint les objectifs qui m&rsquo;\u00e9taient demand\u00e9s. Cette aventure, malgr\u00e9 une fin \u00e0 laquelle je ne m&rsquo;attendais pas, a rendu encore plus clair ce que j&rsquo;aimerais que mon avenir soit. Ce qui, je l&rsquo;esp\u00e8re, est aussi complet et plein de satisfactions que ce que j&rsquo;ai v\u00e9cu en tant que footballeur. Il est temps de revenir dans le jeu et de relever de nouveaux d\u00e9fis. Cependant, je tiens \u00e0 remercier la famille Juventus et tous ceux qui ont \u00e9t\u00e9 proches de moi cette saison\u00a0\u00bb, a notamment \u00e9crit le champion du monde 2006, qui estime avoir v\u00e9cu une ann\u00e9e \u00ab\u00a0merveilleuse\u00a0\u00bb. Source : Maxifoot.<\/p>\n<p><strong>Publi\u00e9 dans :<\/strong> <span>juventus<\/span> <span>Pirlo<\/span><\/p>\n<\/div>\n<p>Auteur:<br \/>\n<a href=\"http:\/\/www.lebuteur.com\/article\/detail?titre=juve-pirlo-reagit-a-son-depart&#038;id=100207&#038;utm_source=feedburner&#038;utm_medium=feed&#038;utm_campaign=Feed%3A+GalerieFArtciles+%28Les+derniers+articles++-+lebuteur.com%29\">Cliquez ici pour lire l&rsquo;article depuis sa source.<\/a><\/p>\n","protected":false},"excerpt":{"rendered":"<p>Auteur : vendredi 28 mai 2021 18:00 Le technicien italien regrette la d\u00e9cision de sa direction, alors qu&rsquo;il estime avoir \u00ab\u00a0atteint les objectifs\u00a0\u00bb demand\u00e9s en d\u00e9but de saison. \u00ab\u00a0Si je devais revenir en arri\u00e8re, je ferais exactement le m\u00eame choix, bien que conscient de tous les obstacles que j&rsquo;ai rencontr\u00e9s li\u00e9s \u00e0 une p\u00e9riode aussi [&hellip;]<\/p>\n","protected":false},"author":1738,"featured_media":0,"comment_status":"closed","ping_status":"closed","sticky":false,"template":"","format":"standard","meta":{"fifu_image_url":"\/\/cdn.lebuteur.com\/data\/images\/article\/thumbs\/large-juve-pirlo-reagit-a-son-depart-e4736.jpg","fifu_image_alt":"International : Juve : Pirlo r\u00e9agit \u00e0 son d\u00e9part","footnotes":""},"categories":[53,75],"tags":[],"class_list":["post-117549","post","type-post","status-publish","format-standard","hentry","category-algerie","category-sport"],"_links":{"self":[{"href":"https:\/\/linitiative.ca\/International\/wp-json\/wp\/v2\/posts\/117549","targetHints":{"allow":["GET"]}}],"collection":[{"href":"https:\/\/linitiative.ca\/International\/wp-json\/wp\/v2\/posts"}],"about":[{"href":"https:\/\/linitiative.ca\/International\/wp-json\/wp\/v2\/types\/post"}],"author":[{"embeddable":true,"href":"https:\/\/linitiative.ca\/International\/wp-json\/wp\/v2\/users\/1738"}],"replies":[{"embeddable":true,"href":"https:\/\/linitiative.ca\/International\/wp-json\/wp\/v2\/comments?post=117549"}],"version-history":[{"count":0,"href":"https:\/\/linitiative.ca\/International\/wp-json\/wp\/v2\/posts\/117549\/revisions"}],"wp:attachment":[{"href":"https:\/\/linitiative.ca\/International\/wp-json\/wp\/v2\/media?parent=117549"}],"wp:term":[{"taxonomy":"category","embeddable":true,"href":"https:\/\/linitiative.ca\/International\/wp-json\/wp\/v2\/categories?post=117549"},{"taxonomy":"post_tag","embeddable":true,"href":"https:\/\/linitiative.ca\/International\/wp-json\/wp\/v2\/tags?post=117549"}],"curies":[{"name":"wp","href":"https:\/\/api.w.org\/{rel}","templated":true}]}}