{"id":117552,"date":"2021-05-28T15:14:27","date_gmt":"2021-05-28T19:14:27","guid":{"rendered":"https:\/\/linitiative.ca\/International\/ligue-des-champions-man-city-guardiola-je-ferai-mon-onze-avec-lobjectif-de-gagner-le-match\/"},"modified":"2021-05-28T15:14:27","modified_gmt":"2021-05-28T19:14:27","slug":"ligue-des-champions-man-city-guardiola-je-ferai-mon-onze-avec-lobjectif-de-gagner-le-match","status":"publish","type":"post","link":"https:\/\/linitiative.ca\/International\/ligue-des-champions-man-city-guardiola-je-ferai-mon-onze-avec-lobjectif-de-gagner-le-match\/","title":{"rendered":"Ligue des Champions : Man City &#8211; Guardiola : \u00ab\u00a0Je ferai mon onze avec l&rsquo;objectif de gagner le match\u00a0\u00bb"},"content":{"rendered":"<div readability=\"32\">\n<p>Auteur : <span class=\"time\">vendredi 28 mai 2021 19:47<\/span><\/p>\n<\/div>\n<div id=\"post_core\" readability=\"58\">\n<p>Pep Guardiola trouve normal que ses joueurs de\u00a0Manchester City soient anxieux avant la finale de Ligue des champions contre Chelsea, mais il les a\u00a0appel\u00e9s \u00e0 garder leur sang-froid pour tenter de remporter le match :<\/p>\n<p>\u00ab\u00a0Je sais exactement comment nous voulons jouer, avec qui nous allons jouer et je ne vais pas trop les perturber\u00a0\u00bb, a d\u00e9clar\u00e9 le manager de City \u00e0 propos de sa causerie aux joueurs avant le match. \u00ab\u00a0Je sais exactement ce que je vais leur dire. Les gars qui sont anxieux et nerveux, je leur dirai que c&rsquo;est normal. Ils doivent g\u00e9rer cela.\u00a0\u00bb<\/p>\n<p>Guardiola va pouvoir aligner une\u00a0\u00e9quipe enti\u00e8rement en forme et repos\u00e9e et il\u00a0admet que ce sera une d\u00e9cision difficile de laisser des joueurs cl\u00e9s hors de son onze\u00a0de d\u00e9part :<\/p>\n<p>\u00ab\u00a0Laisser des joueurs de c\u00f4t\u00e9 est terrible, c&rsquo;est absolument un d\u00e9sastre. Je vous conseille de ne pas \u00eatre un manager dans votre vie, a-t-il d\u00e9clar\u00e9. Je n&rsquo;ai pas de bons mots pour r\u00e9conforter\u00a0les gars qui ne joueront pas, mais mon conseil est de rester avec l&rsquo;\u00e9quipe, il y a cinq remplacements et tout le monde a une chance. Tout le monde en fera partie.\u00a0Je suis extr\u00eamement d\u00e9sol\u00e9 pour eux, mais c&rsquo;est comme \u00e7a. Je ferai mon onze avec l&rsquo;objectif de gagner le match. La vie vous donnera toujours une autre chance. Travaillez plus dur la prochaine fois et peut-\u00eatre serez-vous l\u00e0.\u00a0\u00bb Des propos relay\u00e9s par Goal.<\/p>\n<p><strong>Publi\u00e9 dans :<\/strong> <span>Manchester City<\/span><\/p>\n<\/div>\n<p>Auteur:<br \/>\n<a href=\"http:\/\/www.lebuteur.com\/article\/detail?titre=man-city-guardiola-je-ferai-mon-onze-avec-lobjectif-de-gagner-le-match&#038;id=100209&#038;utm_source=feedburner&#038;utm_medium=feed&#038;utm_campaign=Feed%3A+GalerieFArtciles+%28Les+derniers+articles++-+lebuteur.com%29\">Cliquez ici pour lire l&rsquo;article depuis sa source.<\/a><\/p>\n","protected":false},"excerpt":{"rendered":"<p>Auteur : vendredi 28 mai 2021 19:47 Pep Guardiola trouve normal que ses joueurs de\u00a0Manchester City soient anxieux avant la finale de Ligue des champions contre Chelsea, mais il les a\u00a0appel\u00e9s \u00e0 garder leur sang-froid pour tenter de remporter le match : \u00ab\u00a0Je sais exactement comment nous voulons jouer, avec qui nous allons jouer et [&hellip;]<\/p>\n","protected":false},"author":1738,"featured_media":0,"comment_status":"closed","ping_status":"closed","sticky":false,"template":"","format":"standard","meta":{"fifu_image_url":"\/\/cdn.lebuteur.com\/data\/images\/article\/thumbs\/large-man-city-guardiola-je-ferai-mon-onze-avec-lobjectif-de-gagner-le-match-c9a61.jpg","fifu_image_alt":"Ligue des Champions : Man City - Guardiola : \"Je ferai mon onze avec l'objectif de gagner le match\"","footnotes":""},"categories":[53,75],"tags":[],"class_list":["post-117552","post","type-post","status-publish","format-standard","hentry","category-algerie","category-sport"],"_links":{"self":[{"href":"https:\/\/linitiative.ca\/International\/wp-json\/wp\/v2\/posts\/117552","targetHints":{"allow":["GET"]}}],"collection":[{"href":"https:\/\/linitiative.ca\/International\/wp-json\/wp\/v2\/posts"}],"about":[{"href":"https:\/\/linitiative.ca\/International\/wp-json\/wp\/v2\/types\/post"}],"author":[{"embeddable":true,"href":"https:\/\/linitiative.ca\/International\/wp-json\/wp\/v2\/users\/1738"}],"replies":[{"embeddable":true,"href":"https:\/\/linitiative.ca\/International\/wp-json\/wp\/v2\/comments?post=117552"}],"version-history":[{"count":0,"href":"https:\/\/linitiative.ca\/International\/wp-json\/wp\/v2\/posts\/117552\/revisions"}],"wp:attachment":[{"href":"https:\/\/linitiative.ca\/International\/wp-json\/wp\/v2\/media?parent=117552"}],"wp:term":[{"taxonomy":"category","embeddable":true,"href":"https:\/\/linitiative.ca\/International\/wp-json\/wp\/v2\/categories?post=117552"},{"taxonomy":"post_tag","embeddable":true,"href":"https:\/\/linitiative.ca\/International\/wp-json\/wp\/v2\/tags?post=117552"}],"curies":[{"name":"wp","href":"https:\/\/api.w.org\/{rel}","templated":true}]}}