{"id":117554,"date":"2021-05-28T05:24:00","date_gmt":"2021-05-28T09:24:00","guid":{"rendered":"https:\/\/linitiative.ca\/International\/mohamed-ennaceur-hote-ce-samedi-de-la-mediatheque-de-lariana-et-des-anciens-de-luget-gouverneurs-ambassadeurs-et-consuls-generaux\/"},"modified":"2021-05-28T05:24:00","modified_gmt":"2021-05-28T09:24:00","slug":"mohamed-ennaceur-hote-ce-samedi-de-la-mediatheque-de-lariana-et-des-anciens-de-luget-gouverneurs-ambassadeurs-et-consuls-generaux","status":"publish","type":"post","link":"https:\/\/linitiative.ca\/International\/mohamed-ennaceur-hote-ce-samedi-de-la-mediatheque-de-lariana-et-des-anciens-de-luget-gouverneurs-ambassadeurs-et-consuls-generaux\/","title":{"rendered":"Mohamed Ennaceur, h\u00f4te ce samedi de la M\u00e9diath\u00e8que de l\u2019Ariana et des anciens de l\u2019UGET, gouverneurs, ambassadeurs et consuls g\u00e9n\u00e9raux"},"content":{"rendered":"<p>La m\u00e9diath\u00e8que de l\u2019Ariana c\u00e9l\u00e8brera ce samedi 29 mai, la parution du livre <a href=\"https:\/\/www.leaders.com.tn\/article\/31611-mohamed-ennaceur\" target=\"_blank\" rel=\"noopener\">\u00abDeux R\u00e9publiques, Une Tunisie\u00bb<\/a>, en pr\u00e9sence de son auteur, le pr\u00e9sident Mohamed Ennaceur. Cette rencontre de pr\u00e9sentation et de d\u00e9dicaces qui se tiendra \u00e0 partir de 17 heures au si\u00e8ge de la Biblioth\u00e8que (en face du Lyc\u00e9e pilote), est organis\u00e9e en collaboration avec l\u2019Association des anciens de l\u2019UGET (pr\u00e9sid\u00e9e par Mokhtar Zannad), l\u2019Amicale des Gouverneurs (pr\u00e9sid\u00e9e par Abb\u00e8s Mohsen) et l\u2019Association des anciens Ambassadeurs et Consuls g\u00e9n\u00e9raux de Tunisie (pr\u00e9sid\u00e9e par Tahar Sioud).<\/p>\n<p><strong>Lire aussi<\/strong><\/p>\n<p><a href=\"https:\/\/www.leaders.com.tn\/article\/31611-mohamed-ennaceur\" target=\"_blank\" rel=\"noopener\">Un livre \u00e9v\u00e8nement : Les m\u00e9moires de Mohamed Ennaceur \u2018\u2019Deux R\u00e9publiques, une Tunisie\u2019\u2019<\/a><\/p>\n<p><a href=\"https:\/\/www.leaders.com.tn\/article\/31689-nouveau-tirage-ou-trouver-le-livre-de-mohamed-ennaceur-deux-republique-une-tunisie-video\" target=\"_blank\" rel=\"noopener\">Nouveau tirage &#8211; O\u00f9 trouver le livre de Mohamed Ennaceur : Deux R\u00e9publique, une Tunisie (Vid\u00e9o)<\/a><\/p>\n<p><a href=\"https:\/\/www.leaders.com.tn\/article\/31694-mohamed-ennaceur-le-devoir-de-servir\" target=\"_blank\" rel=\"noopener\">Mohamed Ennaceur: Le devoir de servir (Vid\u00e9o et Album Photos)<\/a><\/p>\n<p><a href=\"https:\/\/www.leaders.com.tn\/article\/31696-quand-les-affaires-sociales-celebrent-le-recit-de-leur-histoire-dans-les-memoires-de-mohamed-ennaceur-album-photos\" target=\"_blank\" rel=\"noopener\">Quand les Affaires sociales c\u00e9l\u00e8brent le r\u00e9cit de leur histoire, dans les m\u00e9moires de Mohamed Ennaceur (Vid\u00e9o et Album photos)<\/a><\/p>\n<p><a href=\"https:\/\/www.leaders.com.tn\/article\/31693-mohamed-ennaceur-et-le-combat-constant-pour-une-republique-sociale-volontariste-et-consensuelle\" target=\"_blank\" rel=\"noopener\">Mohamed Ennaceur et le combat constant pour une R\u00e9publique sociale volontariste et consensuelle (Vid\u00e9o et Album photos)<\/a><\/p>\n<p>Auteur:<br \/>\n<a href=\"https:\/\/www.leaders.com.tn\/article\/31938-mohamed-ennaceur-hote-ce-samedi-de-la-mediatheque-de-l-ariana-et-des-anciens-de-l-uget-gouverneurs-ambassadeurs-et-consuls-generaux\">Cliquez ici pour lire l&rsquo;article depuis sa source.<\/a><\/p>\n","protected":false},"excerpt":{"rendered":"<p>La m\u00e9diath\u00e8que de l\u2019Ariana c\u00e9l\u00e8brera ce samedi 29 mai, la parution du livre \u00abDeux R\u00e9publiques, Une Tunisie\u00bb, en pr\u00e9sence de son auteur, le pr\u00e9sident Mohamed Ennaceur. Cette rencontre de pr\u00e9sentation et de d\u00e9dicaces qui se tiendra \u00e0 partir de 17 heures au si\u00e8ge de la Biblioth\u00e8que (en face du Lyc\u00e9e pilote), est organis\u00e9e en collaboration [&hellip;]<\/p>\n","protected":false},"author":1772,"featured_media":0,"comment_status":"closed","ping_status":"closed","sticky":false,"template":"","format":"standard","meta":{"fifu_image_url":"","fifu_image_alt":"","footnotes":""},"categories":[73,55],"tags":[],"class_list":["post-117554","post","type-post","status-publish","format-standard","hentry","category-actualite","category-tunisie"],"_links":{"self":[{"href":"https:\/\/linitiative.ca\/International\/wp-json\/wp\/v2\/posts\/117554","targetHints":{"allow":["GET"]}}],"collection":[{"href":"https:\/\/linitiative.ca\/International\/wp-json\/wp\/v2\/posts"}],"about":[{"href":"https:\/\/linitiative.ca\/International\/wp-json\/wp\/v2\/types\/post"}],"author":[{"embeddable":true,"href":"https:\/\/linitiative.ca\/International\/wp-json\/wp\/v2\/users\/1772"}],"replies":[{"embeddable":true,"href":"https:\/\/linitiative.ca\/International\/wp-json\/wp\/v2\/comments?post=117554"}],"version-history":[{"count":0,"href":"https:\/\/linitiative.ca\/International\/wp-json\/wp\/v2\/posts\/117554\/revisions"}],"wp:attachment":[{"href":"https:\/\/linitiative.ca\/International\/wp-json\/wp\/v2\/media?parent=117554"}],"wp:term":[{"taxonomy":"category","embeddable":true,"href":"https:\/\/linitiative.ca\/International\/wp-json\/wp\/v2\/categories?post=117554"},{"taxonomy":"post_tag","embeddable":true,"href":"https:\/\/linitiative.ca\/International\/wp-json\/wp\/v2\/tags?post=117554"}],"curies":[{"name":"wp","href":"https:\/\/api.w.org\/{rel}","templated":true}]}}