{"id":117555,"date":"2021-05-28T06:34:00","date_gmt":"2021-05-28T10:34:00","guid":{"rendered":"https:\/\/linitiative.ca\/International\/tout-sur-la-visite-de-jean-castex-mercredi-a-tunis-le-programme-la-delegation-et-les-thematiques\/"},"modified":"2021-05-28T06:34:00","modified_gmt":"2021-05-28T10:34:00","slug":"tout-sur-la-visite-de-jean-castex-mercredi-a-tunis-le-programme-la-delegation-et-les-thematiques","status":"publish","type":"post","link":"https:\/\/linitiative.ca\/International\/tout-sur-la-visite-de-jean-castex-mercredi-a-tunis-le-programme-la-delegation-et-les-thematiques\/","title":{"rendered":"Tout sur la visite de Jean Castex mercredi \u00e0 Tunis: le programme, la d\u00e9l\u00e9gation et les th\u00e9matiques"},"content":{"rendered":"<p>Le symbolique et le concret se conjuguent \u00e0 travers la visite, mercredi prochain \u00e0 Tunis du Premier ministre fran\u00e7ais, Jean Castex, souligne un diplomate. C\u2019est une double-premi\u00e8re, ajoute-t-il. La premi\u00e8re fois qu\u2019un Premier ministre fran\u00e7ais se rende \u00e0 Tunis, depuis la visite d\u2019Edouard Philippe, il y a trois ans et demi, en octobre 2017, donnant le coup d\u2019envoi au Haut comit\u00e9 de coop\u00e9ration (HCC). Et c\u2019est aussi, le premier d\u00e9placement \u00e0 l\u2019\u00e9tranger Jean Castex, depuis son accession \u00e0 Matignon, il y a pr\u00e8s d\u2019un an, le 3 juillet dernier. Pour son pr\u00e9d\u00e9cesseur, Edouard Philippe, c\u2019\u00e9tait aussi la premi\u00e8re visite hors de l\u2019Union europ\u00e9enne.<\/p>\n<p>La venue de Castex \u00e0 Tunis s\u2019inscrit dans la tenue de la troisi\u00e8me session du Haut comit\u00e9 institu\u00e9 entre les deux pays par les pr\u00e9sidents B\u00e9ji Ca\u00efd Essebsi et Emmanuel Macron et qui s\u2019\u00e9tait r\u00e9uni en f\u00e9vrier 2019 \u00e0 Paris sous la pr\u00e9sidence de Youssef Chahed et Edouard Philippe. En pr\u00e9vision de cette troisi\u00e8me session, le chef du gouvernement tunisien, Hichem Mechichi avait fait le d\u00e9placement \u00e0 Paris, le 14 d\u00e9cembre dernier.<\/p>\n<p><span class=\"c2\"><strong>L\u2019appui financier<\/strong><\/span><\/p>\n<p>Outre l\u2019examen de l\u2019ensemble des domaines de coop\u00e9ration bilat\u00e9rale, la visite sera l\u2019occasion de signer un certain nombre d\u2019accords et conventions de financement, notamment l\u2019accord intergouvernemental relatif \u00e0 l\u2019UFTAM, l\u2019universit\u00e9 franco-tunisienne pour l&rsquo;Afrique et la M\u00e9diterran\u00e9e. Ce projet qui attend une grande impulsion financi\u00e8re b\u00e9n\u00e9ficiera ainsi d\u2019une contribution financi\u00e8re substantielle qui le remettra sur orbite. Aussi, et en soutien \u00e0 la Tunisie dans la lutte contre le Covid, la France remettra \u00e0 cette m\u00eame occasion un lot d\u2019\u00e9quipement m\u00e9dicaux d\u2019une valeur de 3 millions d\u2019euros. D\u00e9j\u00e0, \u00e0 travers l\u2019AFD, elle accord\u00e9 \u00e0 la Tunisie l\u2019ann\u00e9e derni\u00e8re un pr\u00eat de 80 millions d\u2019euros.<\/p>\n<p>Aussi, sur l\u2019enveloppe budg\u00e9taire de 350 millions d\u2019euros, r\u00e9it\u00e9r\u00e9e par le pr\u00e9sident Emmanuel Macron lors de la visite \u00e0 Paris en juin dernier du pr\u00e9sident Kais Sa\u00efed, 100 millions d\u2019euros ont d\u2019ores et d\u00e9j\u00e0 \u00e9t\u00e9 d\u00e9caiss\u00e9s.<\/p>\n<p>Deux projets de longue date, en mati\u00e8re de sant\u00e9, attendent cependant d\u00e9blocage. Il s\u2019agit des h\u00f4pitaux de Gafsa et de Sidi Bouzid. Des formalit\u00e9s et autres difficult\u00e9s proc\u00e9durales restent en effet \u00e0 aplanir.<\/p>\n<p><span class=\"c2\"><strong>Au pas de course<\/strong><\/span><\/p>\n<p>Le Premier ministre fran\u00e7ais qui arrivera \u00e0 Tunis mercredi 2 juin en fin d\u2019apr\u00e8s-midi aura un programme charg\u00e9. D\u00eener officiel offert, le soir-m\u00eame, puis, le lendemain, audience aupr\u00e8s du pr\u00e9sident de la R\u00e9publique, cl\u00f4ture de la rencontre \u00e9conomique sur le th\u00e8me du num\u00e9rique, entretien en t\u00eate \u00e0 t\u00eate avec son homologue Hichem Mechichi, session pl\u00e9ni\u00e8re du III\u00e8me Haut Conseil de coop\u00e9ration, et c\u00e9r\u00e9monie de signatures d\u2019accords.<\/p>\n<p>Au cours de l\u2019apr\u00e8s-midi, Jean Castex effectuera une visite sur le site du R\u00e9seau Ferroviaire Rapide, en cours d\u2019ach\u00e8vement, avant de se rendre au mus\u00e9e du Bardo. Cette s\u00e9quence sera \u00e0 la fois culturelle, et m\u00e9morielle et marqu\u00e9e par le d\u00e9p\u00f4t d\u2019une gerbe sous la plaque comm\u00e9morative de l\u2019attentat du mus\u00e9e du Bardo.<\/p>\n<p><span class=\"c2\"><strong>Une d\u00e9l\u00e9gation significative<\/strong><\/span><\/p>\n<p class=\"c4\">Jean Castex arrive dans la capitale tunisienne \u00e0 la t\u00eate d\u2019une importante d\u00e9l\u00e9gation gouvernementale, parlementaire, et d\u2019hommes d\u2019affaires. Il sera en effet accompagn\u00e9 de six membres du gouvernement, quatre parlementaires et \u00e9lus, quatre hauts fonctionnaires et six repr\u00e9sentants du secteur \u00e9conomiques. C\u2019est ainsi qu\u2019il aura \u00e0 ses c\u00f4t\u00e9s,<br \/><span class=\"c3\"><strong>\u2022<\/strong><\/span> Jean &#8211; Yves Le Drian, <em>ministre de l\u2019Europe et des Affaires \u00e9trang\u00e8res<\/em><\/p>\n<p class=\"c4\"><span class=\"c3\"><strong>\u2022<\/strong><\/span> G\u00e9rald Darmanin, <em>ministre de l\u2019Int\u00e9rieur<\/em><\/p>\n<p class=\"c4\"><span class=\"c3\"><strong>\u2022<\/strong><\/span> Fr\u00e9d\u00e9rique Vidal, <em>ministre de l\u2019Enseignement sup\u00e9rieur, de la Recherche et de l\u2019Innovation<\/em><\/p>\n<p class=\"c4\"><span class=\"c3\"><strong>\u2022<\/strong><\/span> Jean-Baptiste Djebbari, <em>ministre d\u00e9l\u00e9gu\u00e9 charg\u00e9 des transports<\/em><\/p>\n<p class=\"c4\"><span class=\"c3\"><strong>\u2022<\/strong><\/span> Alain Griset, <em>ministre d\u00e9l\u00e9gu\u00e9 charg\u00e9 des Petites et Moyennes Entreprises<\/em><\/p>\n<p class=\"c4\"><span class=\"c3\"><strong>\u2022<\/strong><\/span> Cedric O, <em>secr\u00e9taire d\u2019Etat au num\u00e9rique<\/em><\/p>\n<p>Initialement annonc\u00e9, Bruno Le Maire, ministre de l&rsquo;\u00c9conomie, des Finances et de la Relance, est retenu \u00e0 Paris.<\/p>\n<p>Les pr\u00e9sidents Commission Affaires \u00e9trang\u00e8res au S\u00e9nat (Christian Cambon) et \u00e0 l\u2019Assembl\u00e9e nationale (Jean \u2013 Louis Bourlanges), feront le d\u00e9placement \u00e0 Tunis, tout comme les pr\u00e9sidents du groupe d\u2019amiti\u00e9 France Tunisie, Jean-Pierre Sueur, au S\u00e9nat et J\u00e9r\u00f4me Lambert, \u00e0 l\u2019Assembl\u00e9e.<\/p>\n<p>Quant au secteur \u00e9conomique, six dirigeants de grandes entreprises fran\u00e7aises accompagneront le Premier ministre Castex et prendront part au Forum organis\u00e9 par l\u2019Utica, en collaboration avec le Medef. Il s\u2019agit de:<\/p>\n<p class=\"c4\"><span class=\"c3\"><strong>\u2022<\/strong><\/span> Catherine Macgregor, <em>directrice g\u00e9n\u00e9rale d\u2019Engie<\/em><\/p>\n<p class=\"c4\"><span class=\"c3\"><strong>\u2022<\/strong><\/span> Bertrand Camus, <em>directeur g\u00e9n\u00e9ral de Suez<\/em><\/p>\n<p class=\"c4\"><span class=\"c3\"><strong>\u2022<\/strong><\/span> Herv\u00e9 Le Joliff, <em>directeur g\u00e9n\u00e9ral de Colas rail<\/em><\/p>\n<p class=\"c4\"><span class=\"c3\"><strong>\u2022<\/strong><\/span> Laurent Zenou \u2013 <em>PDG de Novair<\/em><\/p>\n<p class=\"c4\"><span class=\"c3\"><strong>\u2022<\/strong><\/span> Philippe Gautier, <em>PDG d\u2019H\u00e9meria<\/em><\/p>\n<p class=\"c4\"><span class=\"c3\"><strong>\u2022<\/strong><\/span> Patrick Martin, <em>Pr\u00e9sident d\u00e9l\u00e9gu\u00e9 du MEDEF<\/em><\/p>\n<p><strong>Lire aussi<\/strong><\/p>\n<p><a href=\"https:\/\/www.leaders.com.tn\/article\/31930-officiel-jean-castex-ce-dimanche-a-tunis\" target=\"_blank\" rel=\"noopener\">Officiel \u2013 Jean Castex mercredi prochain \u00e0 Tunis<\/a><br \/>\u00a0<\/p>\n<p>Auteur:<br \/>\n<a href=\"https:\/\/www.leaders.com.tn\/article\/31940-tout-sur-la-visite-de-jean-castex-mercredi-a-tunis-le-programme-la-delegation-et-les-thematiques\">Cliquez ici pour lire l&rsquo;article depuis sa source.<\/a><\/p>\n","protected":false},"excerpt":{"rendered":"<p>Le symbolique et le concret se conjuguent \u00e0 travers la visite, mercredi prochain \u00e0 Tunis du Premier ministre fran\u00e7ais, Jean Castex, souligne un diplomate. C\u2019est une double-premi\u00e8re, ajoute-t-il. La premi\u00e8re fois qu\u2019un Premier ministre fran\u00e7ais se rende \u00e0 Tunis, depuis la visite d\u2019Edouard Philippe, il y a trois ans et demi, en octobre 2017, donnant [&hellip;]<\/p>\n","protected":false},"author":1772,"featured_media":0,"comment_status":"closed","ping_status":"closed","sticky":false,"template":"","format":"standard","meta":{"fifu_image_url":"","fifu_image_alt":"","footnotes":""},"categories":[73,55],"tags":[],"class_list":["post-117555","post","type-post","status-publish","format-standard","hentry","category-actualite","category-tunisie"],"_links":{"self":[{"href":"https:\/\/linitiative.ca\/International\/wp-json\/wp\/v2\/posts\/117555","targetHints":{"allow":["GET"]}}],"collection":[{"href":"https:\/\/linitiative.ca\/International\/wp-json\/wp\/v2\/posts"}],"about":[{"href":"https:\/\/linitiative.ca\/International\/wp-json\/wp\/v2\/types\/post"}],"author":[{"embeddable":true,"href":"https:\/\/linitiative.ca\/International\/wp-json\/wp\/v2\/users\/1772"}],"replies":[{"embeddable":true,"href":"https:\/\/linitiative.ca\/International\/wp-json\/wp\/v2\/comments?post=117555"}],"version-history":[{"count":0,"href":"https:\/\/linitiative.ca\/International\/wp-json\/wp\/v2\/posts\/117555\/revisions"}],"wp:attachment":[{"href":"https:\/\/linitiative.ca\/International\/wp-json\/wp\/v2\/media?parent=117555"}],"wp:term":[{"taxonomy":"category","embeddable":true,"href":"https:\/\/linitiative.ca\/International\/wp-json\/wp\/v2\/categories?post=117555"},{"taxonomy":"post_tag","embeddable":true,"href":"https:\/\/linitiative.ca\/International\/wp-json\/wp\/v2\/tags?post=117555"}],"curies":[{"name":"wp","href":"https:\/\/api.w.org\/{rel}","templated":true}]}}