{"id":117556,"date":"2021-05-28T07:00:00","date_gmt":"2021-05-28T11:00:00","guid":{"rendered":"https:\/\/linitiative.ca\/International\/la-faculte-des-sciences-economiques-et-de-gestion-del-manar-reussit-son-second-webinaire\/"},"modified":"2021-05-28T07:00:00","modified_gmt":"2021-05-28T11:00:00","slug":"la-faculte-des-sciences-economiques-et-de-gestion-del-manar-reussit-son-second-webinaire","status":"publish","type":"post","link":"https:\/\/linitiative.ca\/International\/la-faculte-des-sciences-economiques-et-de-gestion-del-manar-reussit-son-second-webinaire\/","title":{"rendered":"La facult\u00e9 des sciences \u00e9conomiques et de gestion d&rsquo;El Manar r\u00e9ussit son second webinaire"},"content":{"rendered":"<p><span class=\"c2\"><em><strong><img decoding=\"async\" src=\"\/uploads\/FCK_files\/Khaoula-Ben-Mansour(8).jpg\" alt=\"\" width=\"20%\" vspace=\"5\" hspace=\"5\" align=\"left\"\/>Par Khaoula Ben Mansour &#8211;<\/strong><\/em><\/span> Le laboratoire \u00abLISEFE\u00bb, impl\u00e9ment\u00e9 au campus de l\u2019universit\u00e9 de la facult\u00e9 des sciences \u00e9conomiques et de gestion de Tunis (Universit\u00e9 El Manar), a organis\u00e9 le Samedi 22 Mai son second webinaire, intitul\u00e9\u00ab Les d\u00e9fis qui se posent \u00e0 la discipline de la GRH ?\u00bb, et ce dans un contexte ou le minist\u00e8re de l\u2019enseignement sup\u00e9rieur et de la recherche tunisienne propose \u00abun nouveau statut\u00bb unilat\u00e9ralement, sans la concertation des enseignants universitaires.<\/p>\n<p>Aussi, la r\u00e9ussite de ce webinaire aupr\u00e8s de la communaut\u00e9 scientifique des sciences \u00e9conomiques et de gestion s\u2019est concr\u00e9tis\u00e9e \u00e0 travers, la richesse des propositions d\u00e9velopp\u00e9es afin de penser la r\u00e9forme de l\u2019enseignement des sciences de gestion au sein de l\u2019Universit\u00e9 Tunisienne.<\/p>\n<p>En effet, les interventions des professeurs Samia Karoui Zouaoui et Kaouther Saied Benrached ont rappel\u00e9 combien l\u2019offre de l\u2019\u00e9cole doctorale au sein de la FSEGT, joue un r\u00f4le important dans le dynamisme des laboratoires de recherches, au nombre de 10 sur le campus de la FSEGT, toutes sp\u00e9cialit\u00e9s confondues.<\/p>\n<p>Aussi les intervenants, \u00e0 savoir les Professeurs Karim Ben Kahla, Anissa Ben Hassine et Soufyane Frimousse, sont revenus sur des questionnements profonds, critiques tout en proposant des pistes de r\u00e9flexions qui touchent intrins\u00e8quement la discipline des sciences de gestion : comment celles-ci sont enseign\u00e9es ? Dans quelles structures et avec quels syst\u00e8mes de diplomation?<\/p>\n<p>Une premi\u00e8re intervention a concern\u00e9 l\u2019apprentissage de la GRH, \u00e0 travers l\u2019\u00e9tude de cas, institu\u00e9e par l\u2019\u00e9cole de Harvard, celle-ci trouve un \u00e9cho aupr\u00e8s de la didactique adopt\u00e9e par les universitaires en sciences de gestion. Les Professeurs Anissa Ben Hassine et Farid Zaddem, ont \u00e9dit\u00e9 en 2017 un ouvrage qui recense des \u00e9tudes de cas adapt\u00e9es au contexte tunisien.Ils sont revenus lors du webinaire sur les mani\u00e8res de faire \u00e9voluer cette m\u00e9thode d\u2019apprentissage et d\u2019enseignement de la discipline. Mme Anissa Ben Hassine a mis en valeur l\u2019importance de la comp\u00e9tence de la narration de l\u2019universitaire afin de pouvoir rendre compte de la richesse de l\u2019entreprise \u00e9tudi\u00e9e.<\/p>\n<p>Un second questionnement touche la diplomation acad\u00e9mique, \u00e0 travers le cursus acad\u00e9mique du Doctorat \u00abPHD\u00bb en GRH. Ces derni\u00e8res ann\u00e9es, le d\u00e9bat s\u2019est port\u00e9 sur le doctorat professionnel ou DBA propos\u00e9 pour l\u2019attractivit\u00e9 d\u2019une nouvelle \u00abcible \u00bb de praticiens: des dirigeants, des DRH, des managers et des ing\u00e9nieurs ou m\u00e9decins qui recherchent une forme de reconnaissance acad\u00e9mique. A cet effet, le Maitre de Conf\u00e9rence Soufyene Frimouse, \u00e0 l\u2019IAE de Corse, coordinateur de l&rsquo;ouvrage collectif intitul\u00e9 \u00abProduire du savoir et de l\u2019action. Le Vad\u00e9m\u00e9cum du dirigeant-chercheur\u00bb paru en 2020 aux \u00e9ditions EMS et lab\u00e9lis\u00e9 FNEGE par le jury 2021, \u00abadoube\u00bb cette maturit\u00e9 op\u00e9rationnelle des nouveaux \u00ab\u00e9tudiants-type\u00bb venus du monde de l\u2019entreprise. En Tunisie lors des \u00e9tats g\u00e9n\u00e9raux du MESR, la question du doctorat professionnel s\u2019est pos\u00e9e sans qu\u2019elle n\u2019ait \u00e9t\u00e9 retranscrite dans des r\u00e9formes des dipl\u00f4mes. De meme, cette question de la diplomation doctorale, a fait ressurgir la question de l\u2019autonomie universitaire bloquant, actuellement, tout esprit de renouveau et de coop\u00e9ration pour nos \u00e9tablissements de recherche.<\/p>\n<p>Enfin, le Professeur Karim Ben Kahla a pr\u00e9sent\u00e9 une r\u00e9flexion des plus in\u00e9dite, se basant sur une argumentation o\u00f9 les injonctions telles que \u00ab publish AND perish\u00bb ou \u00abla d\u00e9croissance\u00bb sont totalement impens\u00e9es par les sciences de gestion car aveugl\u00e9es par l\u2019\u00ab exigence technique et rigoriste\u00bb de la \u00abRigueur\u00bb et de la \u00ab Pertinence\u00bb. La d\u00e9construction et l\u2019esprit critique de l\u2019Universit\u00e9 sont \u00e0 reconqu\u00e9rir convoquant ainsi Derrida, Frederic Lordon ou encore Johann Chapoutot, o\u00f9 le \u00abd\u00e9sir de faire science\u00bb et \u00able manag\u00e9rialisme\u00bb ont cantonn\u00e9 nos cours, nos recherches et nos r\u00e9flexions \u00e0 des \u00e9cumes de surface qui impensent totalement \u00abla r\u00e9alit\u00e9\u00bb organisationnelle et soci\u00e9tale de la Tunisie.<\/p>\n<p>Cette matin\u00e9e de r\u00e9flexion a ouvert l\u2019app\u00e9tit vers de nouvelles rencontres que proposera le LISEF FSEGT dans les jours avenir.<\/p>\n<p><span class=\"c3\"><strong>Les liens afin de revoir le webinaire sont les suivants<\/strong><\/span><\/p>\n<p><a href=\"https:\/\/www.facebook.com\/ExURISO\/videos\/496299774946378\" target=\"_blank\" rel=\"noopener\">https:\/\/www.facebook.com\/ExURISO\/videos\/496299774946378<\/a><\/p>\n<p><a href=\"https:\/\/www.facebook.com\/FSEGTunis.pageofficielle\/videos\/295487408898416\" target=\"_blank\" rel=\"noopener\">https:\/\/www.facebook.com\/FSEGTunis.pageofficielle\/videos\/295487408898416<\/a><\/p>\n<p><span class=\"c4\"><strong>Programme: 10h00 \u00e0 12h00<\/strong><\/span><\/p>\n<p><span class=\"c3\"><strong>10h00-10h10:<\/strong><\/span> Mod\u00e9ration : Dr Khaoula Ben Mansour, Maitre Assistante \u00e0 la FSEGT.<br \/>Mot d\u2019ouverture : Pr Samia Zouaoui, Doyenne de la FSEGT et directrice du laboratoire LISEFE-FSEGT.<\/p>\n<p><span class=\"c3\"><strong>10h10-10h25:<\/strong><\/span> Pr Kaouther Saied Benrached, Directrice de l\u2019\u00e9cole doctorale de la FSEG de Tunis, \u00ab Le doctorat professionnel : vers une nouvelle piste de r\u00e9flexion pour notre \u00ab offre \u00bb de dipl\u00f4mes universitaires? \u00bb.<\/p>\n<p><span class=\"c3\"><strong>10h30-10h45:<\/strong><\/span> Pr Farid Zaddem, Professeur \u00e0 l\u2019ISCAE de Tunis, \u00ab les Etudes des cas \u00bb ouvrage co-dirig\u00e9 avec la Pr Anissa Ben Hassine, \u00ab La m\u00e9thode des cas appliqu\u00e9e \u00e0 l\u2019enseignement des sciences de gestion\u00bb, 2017, \u00e9dit\u00e9 au \u00ab Centre de publication universitaire \u00bb.<\/p>\n<p><span class=\"c3\"><strong>10h45-11h00:<\/strong><\/span> Pr Anissa Ben Hassine, Professeure \u00e0 l\u2019ESSEC de Tunis, Codirectrice de l\u2019ouvrage \u00ab La m\u00e9thode des cas appliqu\u00e9e \u00e0 l\u2019enseignement des sciences de gestion \u00bb, 2017, \u00e9dit\u00e9 au \u00ab Centre de publication universitaire \u00bb.<\/p>\n<p><span class=\"c3\"><strong>11h00-11h15:<\/strong><\/span> M Soufyene Frimousse, Maitre de conf\u00e9rences \u00e0 l\u2019IAE de Corse, Coordinateur de l\u2019ouvrage avec J. Peretti, J.M, \u00ab Produire du savoir et de l&rsquo;action: Le vade-mecum du dirigeant-chercheur \u00bb, 2020, \u00c9ditions EMS, lab\u00e9lis\u00e9 FNEGE.<\/p>\n<p><span class=\"c3\"><strong>11h15-11h30:<\/strong><\/span> Pr Karim Ben Kahla, Professeur \u00e0 l\u2019ESC de Tunis, \u00ab Les sciences de gestion : des sciences \u00ab Anti-critiques \u00bb ? \u00bb<\/p>\n<p><span class=\"c3\"><strong>11h30-12h00:<\/strong><\/span>\u00a0\u00a0\u00a0 D\u00e9bat&amp;Reporting : Dr Mouna Gouaia, Assistante universitaire \u00e0 la FSEGT.<\/p>\n<p>Auteur:<br \/>\n<a href=\"https:\/\/www.leaders.com.tn\/article\/31944-webinaire\">Cliquez ici pour lire l&rsquo;article depuis sa source.<\/a><\/p>\n","protected":false},"excerpt":{"rendered":"<p>Par Khaoula Ben Mansour &#8211; Le laboratoire \u00abLISEFE\u00bb, impl\u00e9ment\u00e9 au campus de l\u2019universit\u00e9 de la facult\u00e9 des sciences \u00e9conomiques et de gestion de Tunis (Universit\u00e9 El Manar), a organis\u00e9 le Samedi 22 Mai son second webinaire, intitul\u00e9\u00ab Les d\u00e9fis qui se posent \u00e0 la discipline de la GRH ?\u00bb, et ce dans un contexte ou [&hellip;]<\/p>\n","protected":false},"author":1772,"featured_media":0,"comment_status":"closed","ping_status":"closed","sticky":false,"template":"","format":"standard","meta":{"fifu_image_url":"\/uploads\/FCK_files\/Khaoula-Ben-Mansour(8).jpg","fifu_image_alt":"<div>La facult\u00e9 des sciences \u00e9conomiques et de gestion d'El Manar r\u00e9ussit son second webinaire<\/div>","footnotes":""},"categories":[73,55],"tags":[],"class_list":["post-117556","post","type-post","status-publish","format-standard","hentry","category-actualite","category-tunisie"],"_links":{"self":[{"href":"https:\/\/linitiative.ca\/International\/wp-json\/wp\/v2\/posts\/117556","targetHints":{"allow":["GET"]}}],"collection":[{"href":"https:\/\/linitiative.ca\/International\/wp-json\/wp\/v2\/posts"}],"about":[{"href":"https:\/\/linitiative.ca\/International\/wp-json\/wp\/v2\/types\/post"}],"author":[{"embeddable":true,"href":"https:\/\/linitiative.ca\/International\/wp-json\/wp\/v2\/users\/1772"}],"replies":[{"embeddable":true,"href":"https:\/\/linitiative.ca\/International\/wp-json\/wp\/v2\/comments?post=117556"}],"version-history":[{"count":0,"href":"https:\/\/linitiative.ca\/International\/wp-json\/wp\/v2\/posts\/117556\/revisions"}],"wp:attachment":[{"href":"https:\/\/linitiative.ca\/International\/wp-json\/wp\/v2\/media?parent=117556"}],"wp:term":[{"taxonomy":"category","embeddable":true,"href":"https:\/\/linitiative.ca\/International\/wp-json\/wp\/v2\/categories?post=117556"},{"taxonomy":"post_tag","embeddable":true,"href":"https:\/\/linitiative.ca\/International\/wp-json\/wp\/v2\/tags?post=117556"}],"curies":[{"name":"wp","href":"https:\/\/api.w.org\/{rel}","templated":true}]}}