{"id":117558,"date":"2021-05-28T10:52:54","date_gmt":"2021-05-28T14:52:54","guid":{"rendered":"https:\/\/linitiative.ca\/International\/retours-forces-des-mineurs-le-parquet-de-sebta-ouvre-une-enquete\/"},"modified":"2021-05-28T10:52:54","modified_gmt":"2021-05-28T14:52:54","slug":"retours-forces-des-mineurs-le-parquet-de-sebta-ouvre-une-enquete","status":"publish","type":"post","link":"https:\/\/linitiative.ca\/International\/retours-forces-des-mineurs-le-parquet-de-sebta-ouvre-une-enquete\/","title":{"rendered":"Retours forc\u00e9s des mineurs : le parquet de Sebta ouvre une enqu\u00eate"},"content":{"rendered":"<p><strong>Le procureur a demand\u00e9 \u00e0 conna\u00eetre les d\u00e9tails du renvoi du jeune adolescent Achraf au Maroc dont la photo a fait le tour du monde. Achraf pour rappel est un adolescent ayant d\u00e9clar\u00e9 dans un reportage d\u2019EL PAIS d\u2019avoir \u00e9t\u00e9 expuls\u00e9 au Maroc apr\u00e8s avoir rejoint l\u2019Espagne \u00e0 la nage.<\/strong><\/p>\n<div class=\"c10\">\n<\/div>\n<p>Cette enqu\u00eate aura pour objectif de d\u00e9terminer si des expulsions \u00e0 chaud de mineurs marocains ont \u00e9t\u00e9 entreprises par les autorit\u00e9s de l\u2019enclave espagnole. Selon El Faro de Ceuta, cette proc\u00e9dure a \u00e9t\u00e9 lanc\u00e9e, suite \u00e0 la plainte d\u00e9pos\u00e9e par l\u2019ONG \u00ab\u00a0Coordinadore de Barrios\u00a0\u00bb et vise \u00e0 analyser les actions des autorit\u00e9s espagnoles et enqu\u00eater sur des retours \u00e0 chaud de mineurs ayant franchi la fronti\u00e8re \u00e0 la nage. Comme l\u2019a confirm\u00e9 le procureur de la r\u00e9gion, Jos\u00e9 Luis Puerta, la proc\u00e9dure se concentre, pour l\u2019instant, sur le cas d\u2019Achraf, dont l\u2019histoire publi\u00e9e par EL PA\u00cdS r\u00e9v\u00e8le que l\u2019adolescent, \u00e2g\u00e9 de 16 ans, a \u00e9t\u00e9 renvoy\u00e9 au Maroc au moins deux fois la semaine derni\u00e8re, lorsqu\u2019entre 8 000 et 9 000 personnes ont acc\u00e9d\u00e9 \u00e0 Sebta. Une vid\u00e9o captur\u00e9e par le journaliste Jon Nazca pour Reuters montre Achraf, attach\u00e9 \u00e0 un flotteur \u00e0 bouteilles, tentant de rejoindre le rivage de la plage d\u2019El Tarajal, terroris\u00e9, et criant aux militaires d\u00e9ploy\u00e9s : \u00ab\u00a0Vous devez nous comprendre ; je ne veux pas rentrer !\u00a0\u00bb. La vid\u00e9o montre ensuite les soldats escortant Achraf et un autre mineur jusqu\u2019\u00e0 la barri\u00e8re marocaine, o\u00f9 ils sont remis aux forces frontali\u00e8res. Dans le document, l\u2019organisation ayant d\u00e9pos\u00e9 la plainte all\u00e8gue la violation des droits de l\u2019enfant lorsqu\u2019un \u00ab\u00a0rejet \u00e0 la fronti\u00e8re\u00a0\u00bb a \u00e9t\u00e9 effectu\u00e9 sans avoir pr\u00eat\u00e9 l\u2019attention n\u00e9cessaire \u00e0 l\u2019\u00e9ventuelle situation de vuln\u00e9rabilit\u00e9 de la personne renvoy\u00e9e, en l\u2019occurrence un mineur.<\/p>\n<p><strong>Lire aussi | <a href=\"https:\/\/www.challenge.ma\/deploiement-de-pathe-au-maroc-le-premier-multiplex-retarde-pour-2022-185313\/\" target=\"_blank\" rel=\"noreferrer noopener\">D\u00e9ploiement de Path\u00e9 au Maroc : le premier multiplex retard\u00e9 pour 2022<\/a><\/strong><\/p>\n<p>Dans le cadre de l\u2019enqu\u00eate, le procureur a demand\u00e9 la vid\u00e9o non \u00e9dit\u00e9e de Reuters qui d\u00e9taille la sc\u00e8ne de l\u2019accueil puis du retour d\u2019Achraf et dans laquelle le gar\u00e7on tente d\u2019\u00e9chapper aux militaires qui l\u2019accueillent sur le rivage. Des informations ont \u00e9galement \u00e9t\u00e9 demand\u00e9es au commandement g\u00e9n\u00e9ral de Sebta pour identifier les soldats qui apparaissent sur les images ainsi que les diff\u00e9rentes instructions re\u00e7ues par ces derniers le mercredi 19 Mai. Dans la m\u00eame lanc\u00e9e, la justice tentera de v\u00e9rifier si d\u2019autres actions similaires ont \u00e9t\u00e9 men\u00e9es suite aux t\u00e9moignages de plusieurs journalistes sur place. D\u2019apr\u00e8s ce qu\u2019Achraf a d\u00e9clar\u00e9 \u00e0 EL PA\u00cdS, le premier retour a eu lieu mardi matin, lorsqu\u2019il a \u00e9t\u00e9 directement rejet\u00e9 \u00e0 la barri\u00e8re. La m\u00eame nuit, il a r\u00e9ussi \u00e0 regagner les eaux pour y acc\u00e9der \u00e0 la nage. Il a \u00e9t\u00e9 renvoy\u00e9 le jour suivant \u00e0 chaud. Selon la loi sur l\u2019immigration en Espagne, les \u00ab retours \u00e0 chaud \u00bb ne sont pr\u00e9vus que pour les personnes de plus de 18 ans. Si elles ont moins de 18 ans, l\u2019expulsion est formellement interdite par les conventions internationales sur la protection de l\u2019enfance. Plus t\u00f4t cette semaine, le ministre espagnol de l\u2019Int\u00e9rieur, Fernando Grande-Marlaska a d\u00e9menti, toute atteinte aux droits des enfants, d\u00e9clinant toute accusation de recours \u00e0 des expulsions \u00e0 chaud visant des mineurs. Le ministre a expliqu\u00e9 que pour les cas constat\u00e9s, les autorit\u00e9s espagnoles auraient plut\u00f4t emp\u00each\u00e9 les migrants n\u2019ayant pas encore atteint la ville, de franchir la fronti\u00e8re.<\/p>\n<p>Auteur: Amine Messaoudi<br \/>\n<a href=\"https:\/\/www.challenge.ma\/retours-forces-des-mineurs-le-parquet-de-sebta-ouvre-une-enquete-186085\/\">Cliquez ici pour lire l&rsquo;article depuis sa source.<\/a><\/p>\n","protected":false},"excerpt":{"rendered":"<p>Le procureur a demand\u00e9 \u00e0 conna\u00eetre les d\u00e9tails du renvoi du jeune adolescent Achraf au Maroc dont la photo a fait le tour du monde. Achraf pour rappel est un adolescent ayant d\u00e9clar\u00e9 dans un reportage d\u2019EL PAIS d\u2019avoir \u00e9t\u00e9 expuls\u00e9 au Maroc apr\u00e8s avoir rejoint l\u2019Espagne \u00e0 la nage. Cette enqu\u00eate aura pour objectif [&hellip;]<\/p>\n","protected":false},"author":1787,"featured_media":0,"comment_status":"closed","ping_status":"closed","sticky":false,"template":"","format":"standard","meta":{"fifu_image_url":"","fifu_image_alt":"","footnotes":""},"categories":[78,54],"tags":[],"class_list":["post-117558","post","type-post","status-publish","format-standard","hentry","category-economie","category-maroc"],"_links":{"self":[{"href":"https:\/\/linitiative.ca\/International\/wp-json\/wp\/v2\/posts\/117558","targetHints":{"allow":["GET"]}}],"collection":[{"href":"https:\/\/linitiative.ca\/International\/wp-json\/wp\/v2\/posts"}],"about":[{"href":"https:\/\/linitiative.ca\/International\/wp-json\/wp\/v2\/types\/post"}],"author":[{"embeddable":true,"href":"https:\/\/linitiative.ca\/International\/wp-json\/wp\/v2\/users\/1787"}],"replies":[{"embeddable":true,"href":"https:\/\/linitiative.ca\/International\/wp-json\/wp\/v2\/comments?post=117558"}],"version-history":[{"count":0,"href":"https:\/\/linitiative.ca\/International\/wp-json\/wp\/v2\/posts\/117558\/revisions"}],"wp:attachment":[{"href":"https:\/\/linitiative.ca\/International\/wp-json\/wp\/v2\/media?parent=117558"}],"wp:term":[{"taxonomy":"category","embeddable":true,"href":"https:\/\/linitiative.ca\/International\/wp-json\/wp\/v2\/categories?post=117558"},{"taxonomy":"post_tag","embeddable":true,"href":"https:\/\/linitiative.ca\/International\/wp-json\/wp\/v2\/tags?post=117558"}],"curies":[{"name":"wp","href":"https:\/\/api.w.org\/{rel}","templated":true}]}}