{"id":117560,"date":"2021-05-28T12:06:16","date_gmt":"2021-05-28T16:06:16","guid":{"rendered":"https:\/\/linitiative.ca\/International\/le-royaume-active-une-flamboyante-diplomatie-de-crise-par-mehdi-hijaouy\/"},"modified":"2021-05-28T12:06:16","modified_gmt":"2021-05-28T16:06:16","slug":"le-royaume-active-une-flamboyante-diplomatie-de-crise-par-mehdi-hijaouy","status":"publish","type":"post","link":"https:\/\/linitiative.ca\/International\/le-royaume-active-une-flamboyante-diplomatie-de-crise-par-mehdi-hijaouy\/","title":{"rendered":"Le Royaume active une flamboyante diplomatie de crise [Par Mehdi Hijaouy]"},"content":{"rendered":"<p><strong>La diplomatie de crise est l\u2019art de n\u00e9gocier avec diff\u00e9rents adversaires dans une situation instantan\u00e9e et impr\u00e9dictible.<\/strong><\/p>\n<div class=\"c10\">\n<\/div>\n<p>Depuis quelques semaines, le Royaume du Maroc navigue, avec sagesse et art, sur des eaux troubles, qui ne le font nullement reculer. Au contraire, comme disait Friedrich Nietzsche : \u00ab Ce qui ne me d\u00e9truit pas me rend plus fort \u00bb. Une \u00e9tape que le pays a surpass\u00e9e avec bravoure, totalement convaincu que ne perdurent que le travail, le s\u00e9rieux et les bonnes intentions. Ainsi et avec une diversification d\u2019alli\u00e9s strat\u00e9giques dans les cinq continents, le Royaume construit sereinement, gr\u00e2ce \u00e0 la vision \u00e9clair\u00e9e de S.M. le Roi Mohammed VI que Dieu l\u2019assiste, son ind\u00e9pendance \u00e9conomique et se distingue, express\u00e9ment et brillamment, sur la sc\u00e8ne internationale. Nul ne peut contester tous les efforts monstres que le Maroc a fournis, en r\u00e9ussissant \u00e0 avorter de nombreux attentats en Europe, en ma\u00eetrisant les flux migratoires \u2013 toujours vers ce vieux continent \u2013 sans oublier la lutte acharn\u00e9e contre les passeurs de drogue, \u00e0 travers ses fronti\u00e8res et m\u00eame, bien au-del\u00e0 ! Malgr\u00e9 ces gigantesques efforts, il a suffi de rep\u00e9rer une simple vague passag\u00e8re de migrants se ruer vers le pr\u00e9side occup\u00e9 de Sebta pour que le parti espagnol monte toute une sc\u00e8ne, b\u00e2tie sur des \u00ab fake news \u00bb et de fausses images, dans l\u2019objectif de ternir l\u2019image du Royaume. Et cela ne s\u2019arr\u00eate point chez le voisin, lequel, en tant que membre de l\u2019Union europ\u00e9enne (UE), tente de mener, carr\u00e9ment, une campagne de propagande dans les enceintes de cette organisation communautaire.<\/p>\n<p>Or, dans le cadre de cette manigance, les espagnols n\u2019ont pas pris en consid\u00e9ration les \u00e9l\u00e9ments ci-apr\u00e8s : Primo, le Maroc est un partenaire privil\u00e9gi\u00e9 et incontournable de l\u2019UE. Secondo, les crises diplomatiques font partie de l\u2019histoire des relations internationales, \u00e9tant pr\u00e9cis\u00e9 que la paix la plus durable n\u2019intervient qu\u2019apr\u00e8s la guerre. Tertio, les deux Royaumes (Maroc et Espagne) entretiennent des relations historiques privil\u00e9gi\u00e9es et les int\u00e9r\u00eats qui les lient, \u00e0 date, sont \u00e9normes, ne pouvant nullement se d\u00e9t\u00e9riorer ou s\u2019an\u00e9antir d\u2019un simple coup de t\u00eate. Car in fine, c\u2019est la raison qui prend le dessus. Quarto, les escalades li\u00e9es \u00e0 l\u2019immigration clandestine sont une probl\u00e9matique universelle rencontr\u00e9e par de nombreux Etats, y compris les grandes puissances. Quinto, le nombre d\u2019Alg\u00e9riens rep\u00e9r\u00e9s en Espagne et arriv\u00e9s ill\u00e9galement par la mer \u2013 \u00e0 partir des c\u00f4tes d\u2019Oran et de Mostaganem, vers le littoral d\u2019Almeria et de Murcia \u2013 a atteint en 2020 le chiffre record de 11450 ! A cet \u00e9gard, Madrid n\u2019a jamais contest\u00e9 quoi que ce soit\u00a0!\u00a0 D\u2019autant plus que la r\u00e9action fran\u00e7aise \u00e0 cette forte vague d\u2019immigration, n\u2019a pourtant \u00e9t\u00e9 marqu\u00e9e que par la simple construction de blocs de b\u00e9ton du col de Banyuls, \u00e0 la fronti\u00e8re franco-espagnole. Pourtant et malgr\u00e9 la gravit\u00e9 de la question, personne n\u2019en parle ! Sexto, \u00ab le Royaume est devenu une puissance r\u00e9gionale et au moment o\u00f9 l\u2019Espagne loue l\u2019intelligence de la diplomatie marocaine, des responsables gouvernementaux persistent \u00e0 dire que le Royaume ch\u00e9rifien n\u2019est ni le gendarme, ni le serviteur de personne. Si un accord de lutte contre l\u2019immigration clandestine lie le Royaume \u00e0 l\u2019Espagne, en cas d\u2019une non-ma\u00eetrise de flux humains, la responsabilit\u00e9 n\u2019incomberait \u00e0 aucune des deux parties -essentiellement-\u00a0en l\u2019absence de toute pr\u00e9m\u00e9ditation.<\/p>\n<p><strong>Lire aussi | <a href=\"https:\/\/www.challenge.ma\/deploiement-de-pathe-au-maroc-le-premier-multiplex-retarde-pour-2022-185313\/\" target=\"_blank\" rel=\"noreferrer noopener\">D\u00e9ploiement de Path\u00e9 au Maroc : le premier multiplex retard\u00e9 pour 2022<\/a><\/strong><\/p>\n<p><strong>L\u2019Espagne au bord du marasme<\/strong><\/p>\n<p>Apr\u00e8s la crise sanitaire de Covid-19, qui a fortement secou\u00e9 l\u2019\u00e9conomie espagnole, reposant, en grande partie, sur son industrie touristique, la sortie du tunnel semble devenir encore plus \u00e9loign\u00e9e, apr\u00e8s cette r\u00e9cente combine du Parti socialiste ouvrier espagnol, visant \u00e0 porter pr\u00e9judice \u00e0 l\u2019image du Royaume, \u00e0 l\u2019\u00e9chelle internationale. M. Pedro S\u00e1nchez, Pr\u00e9sident du gouvernement depuis le 2 juin 2018, apr\u00e8s avoir pr\u00eat\u00e9 serment dans le salon des audiences du palais de la Zarzuela, a le devoir de d\u00e9fendre les int\u00e9r\u00eats de l\u2019Espagne et non pas la vision politique de son Parti ! Apr\u00e8s le r\u00e9cent retrait de Pablo Iglesias, leader du parti de gauche radicale Podemos, de la vie politique, M. Pedro S\u00e1nchez se retrouve affaibli, \u00e0 une ann\u00e9e de la fin de son mandat. C\u2019est donc une raison de plus pour apaiser les tensions et \u00e9viter toute situation conflictuelle qui pourrait porter pr\u00e9judice aux int\u00e9r\u00eats des hommes d\u2019affaires et citoyens espagnols, dont une bonne partie se nourrit, notamment, des \u00e9changes commerciaux avec le Royaume et des entr\u00e9es en masse de devises de touristes marocains.<\/p>\n<p><strong>Le Royaume, une puissance r\u00e9gionale qui s\u2019affirme<\/strong><\/p>\n<p>Le Maroc ne baissera plus les mains et ne tol\u00e9rera plus les agissements d\u00e9loyaux de son voisinage, allant m\u00eame contraindre l\u2019Espagne \u00e0 se plier, malgr\u00e9 elle, \u00e0 ses appels. Cela commence d\u00e9j\u00e0 par l\u2019intervention du Pr\u00e9sident du gouvernement espagnol qui commence \u00e0 apaiser la situation, en indiquant, en date du 24 mai 2021, que le Maroc n\u2019a \u00ab pas de meilleur ou de plus grand alli\u00e9 \u00bb au sein de l\u2019UE que l\u2019Espagne pour d\u00e9fendre ses \u00ab int\u00e9r\u00eats strat\u00e9giques \u00bb, c\u2019est-\u00e0-dire qu\u2019il se plie devant une puissance r\u00e9gionale incontest\u00e9e, dont les alli\u00e9s strat\u00e9giques sont tr\u00e8s diversifi\u00e9s \u00e0 travers le monde. Autre fait \u00e0 d\u00e9cortiquer avec beaucoup de recul : finalement, Brahim Ghali, un criminel faisant l\u2019objet d\u2019un mandat d\u2019arr\u00eat international pour ses multiples m\u00e9faits, comparaitra devant l\u2019audience de la plus haute juridiction espagnole le 1er juin 2021, par visioconf\u00e9rence. Ce qui ne peut-\u00eatre que le fruit d\u2019une brillante et sage diplomatie marocaine qui a r\u00e9ussi \u00e0 convaincre son voisin de se plier \u00e0 la logique et de faire hisser la voix de la justice. Dans une autre perspective, Jos\u00e9 Luis Rodr\u00edguez Zapatero, ancien Pr\u00e9sident du gouvernement espagnol dans une interview accord\u00e9e \u00e0 Canal Sur Television, le 26 mai 2021, a bel et bien reconnu que \u00ab la relation avec le Maroc est essentielle \u00e0 la stabilit\u00e9 de l\u2019Espagne \u00bb. Ce qui confirme, de mani\u00e8re fort significative, que cette crise n\u2019est que passag\u00e8re et devrait \u00eatre imminemment r\u00e9solue, prioritairement pour le bien de l\u2019Espagne. Il est donc temps pour l\u2019Espagne de :<br \/>\u2013 Reconna\u00eetre la marocanit\u00e9 du Sahara au lieu de se verser, maladroitement, dans des affaires de criminalit\u00e9 qui la discr\u00e9ditent sur le plan international, \u00e0 l\u2019exemple de celle li\u00e9e \u00e0 l\u2019h\u00e9bergement de ce chef du pseudo-RASD, accueilli, ill\u00e9galement, sur son territoire, avec un passeport falsifi\u00e9 fourni par les alg\u00e9riens qui ont men\u00e9 l\u2019op\u00e9ration dans un total irrespect du Droit international et des Droits de l\u2019Homme les plus \u00e9l\u00e9mentaires. D\u2019ailleurs, 163 pays, repr\u00e9sentant 85% des Etats membres des Nations Unies, ne reconnaissent pas cette entit\u00e9 factice.<br \/>\u2013 Se dire que le Maroc d\u2019hier n\u2019est plus celui d\u2019aujourd\u2019hui.<br \/>\u2013 Retrouver la raison et \u00eatre persuad\u00e9e que \u00ab c\u2019est dans son plus grand int\u00e9r\u00eat de maintenir, d\u2019entretenir et de d\u00e9velopper davantage ses relations avec le Royaume ! Donc autant se r\u00e9concilier rapidement avec son voisin \u00bb.<\/p>\n<p><strong>Lire aussi | <a href=\"https:\/\/www.challenge.ma\/les-facultes-privees-de-medecine-arrivent-en-force-185841\/\" target=\"_blank\" rel=\"noreferrer noopener\">Les facult\u00e9s priv\u00e9es de m\u00e9decine arrivent en force !<\/a><\/strong><\/p>\n<p>Par ailleurs, il convient de rappeler que lors d\u2019une interview avec MGH Partners, au courant du mois d\u2019avril 2021, l\u2019ancien Premier ministre fran\u00e7ais, Manuel Valls avait soulign\u00e9 que \u00ab la France et l\u2019Espagne devraient \u00eatre des alli\u00e9s loyaux du Royaume sur la question du Sahara. Que ce soit sur la migration ou la lutte contre les narcotrafiquants, l\u2019Espagne comme la France, subissent directement les cons\u00e9quences d\u2019une brouille diplomatique avec le Maroc, avait-il alert\u00e9 \u00bb. Ceci d\u00e9montre, si besoin est, qu\u2019effectivement des parasites tentent d\u2019envenimer les relations du Royaume, mais qui sont tous vou\u00e9s \u00e0 l\u2019\u00e9chec.<\/p>\n<p><strong><strong>Mehdi Hijaouy est expert en s\u00e9curit\u00e9, d\u00e9fense, strat\u00e9gie et intelligence \u00e9conomique<br \/>Fondateur du Washington Strategic Intelligence Center<br \/>Executive MBA en \u00ab Strat\u00e9gie d\u2019Influence, N\u00e9gociation et Guerre Psychologique \u00bb \u2013 EGE1, Paris<br \/>Executive MBA en \u00ab Management des Risques, S\u00fbret\u00e9 Internationale et Cybers\u00e9curit\u00e9 \u00bb \u2013 EGE, Paris<\/strong><\/strong><\/p>\n<div class=\"vw-sticky-sidebar-wrapper vw-sticky-sidebar widget_text awac-wrapper widget_text awac widget custom_html-4 textwidget custom-html-widget\">\n<p class=\"has-background c12\"><span class=\"widget-title c11\">Tribune et D\u00e9bats<\/span><\/p>\n<p>La tribune qui vous parle d\u2019une actu, d\u2019un sujet qui fait d\u00e9bat, les traite et les analyse. \u00c9conomistes et autres experts, patrons d\u2019entreprises, d\u00e9cideurs, acteurs de la soci\u00e9t\u00e9 civile, s\u2019y prononcent et contribuent \u00e0 sa grande richesse. Vous avez votre opinion, convergente ou diff\u00e9rente. Exprimez-la et mesurez-vous ainsi \u00e0 nos tribuns et d\u00e9batteurs.<\/p>\n<p>Envoyez vos analyses \u00e0 : <a href=\"\/cdn-cgi\/l\/email-protection#0d6e6263796c6e794d6e656c616168636a6823606c\"><span class=\"__cf_email__\" data-cfemail=\"74171b1a0015170034171c151818111a13115a1915\">[email\u00a0protected]<\/span><\/a>, en pr\u00e9cisant votre nom, votre pr\u00e9nom et votre m\u00e9tier.<\/p>\n<\/div>\n<p>Auteur: challenge<br \/>\n<a href=\"https:\/\/www.challenge.ma\/le-royaume-active-une-flamboyante-diplomatie-de-crise-par-mehdi-hijaouy-186110\/\">Cliquez ici pour lire l&rsquo;article depuis sa source.<\/a><\/p>\n","protected":false},"excerpt":{"rendered":"<p>La diplomatie de crise est l\u2019art de n\u00e9gocier avec diff\u00e9rents adversaires dans une situation instantan\u00e9e et impr\u00e9dictible. Depuis quelques semaines, le Royaume du Maroc navigue, avec sagesse et art, sur des eaux troubles, qui ne le font nullement reculer. Au contraire, comme disait Friedrich Nietzsche : \u00ab Ce qui ne me d\u00e9truit pas me rend [&hellip;]<\/p>\n","protected":false},"author":1787,"featured_media":0,"comment_status":"closed","ping_status":"closed","sticky":false,"template":"","format":"standard","meta":{"fifu_image_url":"","fifu_image_alt":"","footnotes":""},"categories":[78,54],"tags":[],"class_list":["post-117560","post","type-post","status-publish","format-standard","hentry","category-economie","category-maroc"],"_links":{"self":[{"href":"https:\/\/linitiative.ca\/International\/wp-json\/wp\/v2\/posts\/117560","targetHints":{"allow":["GET"]}}],"collection":[{"href":"https:\/\/linitiative.ca\/International\/wp-json\/wp\/v2\/posts"}],"about":[{"href":"https:\/\/linitiative.ca\/International\/wp-json\/wp\/v2\/types\/post"}],"author":[{"embeddable":true,"href":"https:\/\/linitiative.ca\/International\/wp-json\/wp\/v2\/users\/1787"}],"replies":[{"embeddable":true,"href":"https:\/\/linitiative.ca\/International\/wp-json\/wp\/v2\/comments?post=117560"}],"version-history":[{"count":0,"href":"https:\/\/linitiative.ca\/International\/wp-json\/wp\/v2\/posts\/117560\/revisions"}],"wp:attachment":[{"href":"https:\/\/linitiative.ca\/International\/wp-json\/wp\/v2\/media?parent=117560"}],"wp:term":[{"taxonomy":"category","embeddable":true,"href":"https:\/\/linitiative.ca\/International\/wp-json\/wp\/v2\/categories?post=117560"},{"taxonomy":"post_tag","embeddable":true,"href":"https:\/\/linitiative.ca\/International\/wp-json\/wp\/v2\/tags?post=117560"}],"curies":[{"name":"wp","href":"https:\/\/api.w.org\/{rel}","templated":true}]}}