{"id":117561,"date":"2021-05-28T12:23:26","date_gmt":"2021-05-28T16:23:26","guid":{"rendered":"https:\/\/linitiative.ca\/International\/coronavirus-70-de-la-population-doit-etre-vaccinee-pour-que-la-pandemie-soit-terminee-selon-loms\/"},"modified":"2021-05-28T12:23:26","modified_gmt":"2021-05-28T16:23:26","slug":"coronavirus-70-de-la-population-doit-etre-vaccinee-pour-que-la-pandemie-soit-terminee-selon-loms","status":"publish","type":"post","link":"https:\/\/linitiative.ca\/International\/coronavirus-70-de-la-population-doit-etre-vaccinee-pour-que-la-pandemie-soit-terminee-selon-loms\/","title":{"rendered":"Coronavirus :  70% de la population doit \u00eatre vaccin\u00e9e pour que la pand\u00e9mie soit termin\u00e9e selon l\u2019OMS"},"content":{"rendered":"<p><strong>M\u00eame si la vaccination \u00e9volue dans les diff\u00e9rents pays concern\u00e9s \u00e0 un rythme acceptable, il est n\u00e9anmoins clair que la sortie de crise est encore loin. En effet, selon l\u2019OMS (Organisation Mondiale de la Sant\u00e9), la pand\u00e9mie sera termin\u00e9e lorsque le monde entier aura atteint une couverture vaccinale minimale de 70\u00a0%\u00a0\u00bb.<\/strong><\/p>\n<div class=\"c10\">\n<\/div>\n<p>Atteindre en effet ce taux demeure encore un d\u00e9fi puisque l\u2019OMS, par le biais de son Directeur Europe, Hans Kluge, estime que le d\u00e9ploiement de la vaccination dans le monde actuellement est encore trop lent, y compris en Europe. Hans Kluge a aussi fait savoir que le variant B.1617, identifi\u00e9 d\u2019abord en Inde, est plus contagieux que le B.117 (identifi\u00e9 d\u2019abord au Royaume-Uni), et qui \u00e9tait d\u00e9j\u00e0 plus contagieux que la souche pr\u00e9c\u00e9dente. Il a toutefois assur\u00e9 que les vaccins actuellement approuv\u00e9s sont efficaces pour contrer les mutations du coronavirus.<\/p>\n<p>Lire aussi| <a href=\"https:\/\/www.challenge.ma\/vaccination-83-millions-de-personnes-ont-recu-leur-premiere-dose-185966\/\"><strong>Vaccination : 8,3 millions de personnes ont re\u00e7u leur premi\u00e8re dose<\/strong><\/a><\/p>\n<p>Par ailleurs, les Etats-Unis r\u00e9clament \u00e0 l\u2019OMS une nouvelle enqu\u00eate en Chine sur les origines du Covid19. La mission diplomatique am\u00e9ricaine aupr\u00e8s de l\u2019ONU \u00e0 Gen\u00e8ve estime que l\u2019enqu\u00eate initiale de l\u2019OMS est \u00ab\u00a0insuffisante et peu concluante\u00a0\u00bb.<\/p>\n<p>Lire aussi| <a href=\"https:\/\/www.challenge.ma\/coronavirus-le-vaccin-moderna-serait-tres-efficace-chez-les-adolescents-185937\/\"><strong>Coronavirus : le vaccin Moderna serait \u00ab tr\u00e8s efficace \u00bb chez les adolescents<\/strong><\/a><\/p>\n<p>Auteur: challenge<br \/>\n<a href=\"https:\/\/www.challenge.ma\/coronavirus-70-de-la-population-doit-etre-vaccinee-pour-que-la-pandemie-soit-terminee-selon-loms-186104\/\">Cliquez ici pour lire l&rsquo;article depuis sa source.<\/a><\/p>\n","protected":false},"excerpt":{"rendered":"<p>M\u00eame si la vaccination \u00e9volue dans les diff\u00e9rents pays concern\u00e9s \u00e0 un rythme acceptable, il est n\u00e9anmoins clair que la sortie de crise est encore loin. En effet, selon l\u2019OMS (Organisation Mondiale de la Sant\u00e9), la pand\u00e9mie sera termin\u00e9e lorsque le monde entier aura atteint une couverture vaccinale minimale de 70\u00a0%\u00a0\u00bb. Atteindre en effet ce [&hellip;]<\/p>\n","protected":false},"author":1787,"featured_media":0,"comment_status":"closed","ping_status":"closed","sticky":false,"template":"","format":"standard","meta":{"fifu_image_url":"","fifu_image_alt":"","footnotes":""},"categories":[78,54],"tags":[],"class_list":["post-117561","post","type-post","status-publish","format-standard","hentry","category-economie","category-maroc"],"_links":{"self":[{"href":"https:\/\/linitiative.ca\/International\/wp-json\/wp\/v2\/posts\/117561","targetHints":{"allow":["GET"]}}],"collection":[{"href":"https:\/\/linitiative.ca\/International\/wp-json\/wp\/v2\/posts"}],"about":[{"href":"https:\/\/linitiative.ca\/International\/wp-json\/wp\/v2\/types\/post"}],"author":[{"embeddable":true,"href":"https:\/\/linitiative.ca\/International\/wp-json\/wp\/v2\/users\/1787"}],"replies":[{"embeddable":true,"href":"https:\/\/linitiative.ca\/International\/wp-json\/wp\/v2\/comments?post=117561"}],"version-history":[{"count":0,"href":"https:\/\/linitiative.ca\/International\/wp-json\/wp\/v2\/posts\/117561\/revisions"}],"wp:attachment":[{"href":"https:\/\/linitiative.ca\/International\/wp-json\/wp\/v2\/media?parent=117561"}],"wp:term":[{"taxonomy":"category","embeddable":true,"href":"https:\/\/linitiative.ca\/International\/wp-json\/wp\/v2\/categories?post=117561"},{"taxonomy":"post_tag","embeddable":true,"href":"https:\/\/linitiative.ca\/International\/wp-json\/wp\/v2\/tags?post=117561"}],"curies":[{"name":"wp","href":"https:\/\/api.w.org\/{rel}","templated":true}]}}