{"id":117564,"date":"2021-05-28T16:32:36","date_gmt":"2021-05-28T20:32:36","guid":{"rendered":"https:\/\/linitiative.ca\/International\/tunisie-othmen-jerandi-supervise-louverture-du-conseil-conjoint-tuniso-americain-pour-le-commerce-et-linvestissement\/"},"modified":"2021-05-28T16:32:36","modified_gmt":"2021-05-28T20:32:36","slug":"tunisie-othmen-jerandi-supervise-louverture-du-conseil-conjoint-tuniso-americain-pour-le-commerce-et-linvestissement","status":"publish","type":"post","link":"https:\/\/linitiative.ca\/International\/tunisie-othmen-jerandi-supervise-louverture-du-conseil-conjoint-tuniso-americain-pour-le-commerce-et-linvestissement\/","title":{"rendered":"Tunisie : Othmen Jerandi supervise l\u2019ouverture du Conseil conjoint tuniso-am\u00e9ricain pour le commerce et l\u2019investissement"},"content":{"rendered":"<div id=\"content-main\" class=\"left relative left relative\">\n<div class=\"post-info-out\">\n<div class=\"post-info-img left relative\"><img decoding=\"async\" alt=\"\" src=\"https:\/\/secure.gravatar.com\/avatar\/ea481d7287ad38ca1787f44b5bb1b70e?s=50&amp;d=mm&amp;r=g\" srcset=\"https:\/\/secure.gravatar.com\/avatar\/ea481d7287ad38ca1787f44b5bb1b70e?s=100&amp;d=mm&amp;r=g 2x\" class=\"avatar avatar-50 photo\" height=\"50\" width=\"50\" loading=\"lazy\"\/><\/div>\n<div class=\"post-info-in\">\n<div class=\"post-info-right left relative post-info-name left relative\"><span><span class=\"post-info-text\">Par<\/span> <span class=\"author-name vcard fn author\"><a href=\"https:\/\/www.tunisienumerique.com\/author\/rania-ben-slimane\/\" title=\"Articles par rania ben slimane\" rel=\"author\">rania ben slimane<\/a><\/span><\/span> <span class=\"post-date updated\"><time class=\"post-date updated\" datetime=\"2021-05-28\">\u00a0| Il y a 5 minutes<\/time><\/span><br \/>\n<meta itemprop=\"dateModified\" content=\"2021-05-28\"\/><\/div>\n<\/div>\n<\/div>\n<div class=\"code-block code-block-1 c4\">\n <ins class=\"adsbygoogle c3\" data-ad-layout=\"in-article\" data-ad-format=\"fluid\" data-ad-client=\"ca-pub-2102118777505746\" data-ad-slot=\"7301775417\"\/>\n<\/div>\n<p>Le ministre des Affaires \u00e9trang\u00e8res, de l\u2019Immigration et des Tunisiens de l\u2019\u00e9tranger, Othmen Jerandi a supervis\u00e9, le 27 mai 2021, l\u2019inauguration de la neuvi\u00e8me session du Conseil conjoint tuniso-am\u00e9ricain pour le commerce et l\u2019investissement (TIFA Council), qui sera tenu sur deux jours avec la participation de diff\u00e9rents minist\u00e8res et cadres tunisiens impliqu\u00e9s dans le domaine \u00e9conomique et de leurs homologues am\u00e9ricains.<\/p>\n<p>En effet, cette session repr\u00e9sente une opportunit\u00e9 de valider l\u2019anciennet\u00e9 et la solidit\u00e9 de la coop\u00e9ration entre la Tunisie et les \u00c9tats-Unis d\u2019Am\u00e9rique dans divers domaines, notamment celui de l\u2019\u00e9conomie et ce en termes d\u2019\u00e9changes et d\u2019investissement, qui contribueront \u00e0 soutenir les efforts fournis pour faire face aux r\u00e9percussions socio-\u00e9conomiques de la pand\u00e9mie du Coronavirus.<\/p>\n<p>Les travaux des d\u00e9l\u00e9gations des deux pays au cours de cette session se concentreront aussi sur l\u2019examen des possibilit\u00e9s de coop\u00e9ration dans les domaines de l\u2019acc\u00e8s aux march\u00e9s, de l\u2019agriculture, des services, de l\u2019investissement et de la propri\u00e9t\u00e9 intellectuelle.<\/p>\n<p>Les deux parties discuteront \u00e9galement de la question de la commercialisation des produits biologiques tunisiens, notamment l\u2019huile d\u2019olive en conserve, qui est largement reconnue pour sa qualit\u00e9 sur les march\u00e9s \u00e9trangers, notamment aux USA, consid\u00e9r\u00e9 comme un march\u00e9 prometteur.<\/p>\n<p>Il convient de noter que cette session du Conseil conjoint tuniso-am\u00e9ricain pour le commerce et l\u2019investissement s\u2019inscrit dans le cadre d\u2019une s\u00e9rie de dates bilat\u00e9rales importantes \u00e0 venir entre les deux pays, dont la quatri\u00e8me session du Dialogue strat\u00e9gique tuniso-am\u00e9ricain et la quatri\u00e8me session du Comit\u00e9 \u00e9conomique conjoint (qui se tiendra cet automne).<\/p>\n<div class=\"swp_social_panel swp_horizontal_panel swp_flat_fresh swp_default_full_color swp_individual_full_color swp_other_full_color scale-100 scale-\" data-min-width=\"1100\" data-float-color=\"#ffffff\" data-float=\"bottom\" data-float-mobile=\"bottom\" data-transition=\"slide\">\n<div class=\"nc_tweetContainer swp_share_button total_shares total_sharesalt\"><span class=\"swp_count\">0 <span class=\"swp_label\">Partages<\/span><\/span><\/div>\n<\/div>\n<p><strong>Que se passe-t-il en Tunisie?<\/strong><br \/>Nous expliquons sur notre <a href=\"https:\/\/www.youtube.com\/channel\/UCRzypVq0B_yBad5eGrwBx0Q?sub_confirmation=1\" target=\"_blank\" rel=\"noopener\">cha\u00eene YouTube<\/a> . <a href=\"https:\/\/www.youtube.com\/channel\/UCRzypVq0B_yBad5eGrwBx0Q?sub_confirmation=1\" target=\"_blank\" rel=\"noopener\">Abonnez-vous!<\/a><\/p>\n<div class=\"mvp-org-wrap\" itemprop=\"publisher\">\n<div class=\"mvp-org-logo\" itemprop=\"logo\"><img decoding=\"async\" src=\"https:\/\/www.tunisienumerique.com\/wp-content\/uploads\/2017\/02\/logo_tunisie_numerique.png\"\/><br \/>\n<meta itemprop=\"url\" content=\"https:\/\/www.tunisienumerique.com\/wp-content\/uploads\/2017\/02\/logo_tunisie_numerique.png\"\/><\/div>\n<p><meta content=\"Tunisie\"\/><\/div>\n<div class=\"mvp-related-posts left relative\">\n<h4 class=\"post-header\"><span class=\"post-header\">Lire aussi<\/span><\/h4>\n<\/div>\n<div id=\"article-ad\">\n <ins class=\"adsbygoogle c5\" data-ad-client=\"ca-pub-2102118777505746\" data-ad-slot=\"6513972734\" data-ad-format=\"auto\" data-full-width-responsive=\"true\"\/>\n<\/div>\n<\/div>\n<div id=\"post-sidebar-wrap\">\n <ins class=\"adsbygoogle c5\" data-ad-client=\"ca-pub-2102118777505746\" data-ad-slot=\"6168283410\" data-ad-format=\"auto\" data-full-width-responsive=\"true\"\/>\n<\/div>\n<p>Auteur: rania ben slimane<br \/>\n<a href=\"https:\/\/www.tunisienumerique.com\/tunisie-othmen-jerandi-supervise-louverture-du-conseil-conjoint-tuniso-americain-pour-le-commerce-et-linvestissement\/\">Cliquez ici pour lire l&rsquo;article depuis sa source.<\/a><\/p>\n","protected":false},"excerpt":{"rendered":"<p>Par rania ben slimane \u00a0| Il y a 5 minutes Le ministre des Affaires \u00e9trang\u00e8res, de l\u2019Immigration et des Tunisiens de l\u2019\u00e9tranger, Othmen Jerandi a supervis\u00e9, le 27 mai 2021, l\u2019inauguration de la neuvi\u00e8me session du Conseil conjoint tuniso-am\u00e9ricain pour le commerce et l\u2019investissement (TIFA Council), qui sera tenu sur deux jours avec la participation [&hellip;]<\/p>\n","protected":false},"author":1789,"featured_media":0,"comment_status":"closed","ping_status":"closed","sticky":false,"template":"","format":"standard","meta":{"fifu_image_url":"https:\/\/secure.gravatar.com\/avatar\/ea481d7287ad38ca1787f44b5bb1b70e?s=50&d=mm&r=g","fifu_image_alt":"Tunisie : Othmen Jerandi supervise l\u2019ouverture du Conseil conjoint tuniso-am\u00e9ricain pour le commerce et l\u2019investissement","footnotes":""},"categories":[73,55],"tags":[],"class_list":["post-117564","post","type-post","status-publish","format-standard","hentry","category-actualite","category-tunisie"],"_links":{"self":[{"href":"https:\/\/linitiative.ca\/International\/wp-json\/wp\/v2\/posts\/117564","targetHints":{"allow":["GET"]}}],"collection":[{"href":"https:\/\/linitiative.ca\/International\/wp-json\/wp\/v2\/posts"}],"about":[{"href":"https:\/\/linitiative.ca\/International\/wp-json\/wp\/v2\/types\/post"}],"author":[{"embeddable":true,"href":"https:\/\/linitiative.ca\/International\/wp-json\/wp\/v2\/users\/1789"}],"replies":[{"embeddable":true,"href":"https:\/\/linitiative.ca\/International\/wp-json\/wp\/v2\/comments?post=117564"}],"version-history":[{"count":0,"href":"https:\/\/linitiative.ca\/International\/wp-json\/wp\/v2\/posts\/117564\/revisions"}],"wp:attachment":[{"href":"https:\/\/linitiative.ca\/International\/wp-json\/wp\/v2\/media?parent=117564"}],"wp:term":[{"taxonomy":"category","embeddable":true,"href":"https:\/\/linitiative.ca\/International\/wp-json\/wp\/v2\/categories?post=117564"},{"taxonomy":"post_tag","embeddable":true,"href":"https:\/\/linitiative.ca\/International\/wp-json\/wp\/v2\/tags?post=117564"}],"curies":[{"name":"wp","href":"https:\/\/api.w.org\/{rel}","templated":true}]}}