{"id":117569,"date":"2021-05-28T14:41:47","date_gmt":"2021-05-28T18:41:47","guid":{"rendered":"https:\/\/linitiative.ca\/International\/previsions-saisonnieres-2021\/"},"modified":"2021-05-28T14:41:47","modified_gmt":"2021-05-28T18:41:47","slug":"previsions-saisonnieres-2021","status":"publish","type":"post","link":"https:\/\/linitiative.ca\/International\/previsions-saisonnieres-2021\/","title":{"rendered":"PREVISIONS SAISONNIERES 2021"},"content":{"rendered":"<p class=\"c4\"><strong><em>L\u2019Agence nationale de la m\u00e9t\u00e9orologie (ANAM) a anim\u00e9 une conf\u00e9rence de presse le 27 mai 2021 \u00e0 Ouagadougou. Objectif\u00a0: rendre publics les r\u00e9sultats de la pr\u00e9vision saisonni\u00e8re des pluies des mois de \u00ab\u00a0juin-juillet- Ao\u00fbt et de juillet-ao\u00fbt-septembre\u00a0\u00bb et les caract\u00e9ristiques agroclimatiques de la campagne agropastorale 2021.<\/em><\/strong><\/p>\n<p class=\"c4\"><em>L\u2019Agence nationale de la m\u00e9t\u00e9orologie pr\u00e9voit, pour les p\u00e9riodes de \u00ab\u00a0juin-juillet-ao\u00fbt-septembre\u00a0\u00bb 2021, des cumuls pluviom\u00e9triques sup\u00e9rieurs \u00e0 la moyenne \u00e9tablie sur la p\u00e9riode de r\u00e9f\u00e9rence 1981-2010, sur la majeure partie du pays. L\u2019information a \u00e9t\u00e9 donn\u00e9e au cours d\u2019une conf\u00e9rence de presse le 27 mai dernier \u00e0 Ouagadougou. Des cumuls proches de la moyenne avec une tendance exc\u00e9dentaire sont pr\u00e9vus dans les parties Sud-Ouest et extr\u00eame Est du pays. Pour Gregoire Baki, ing\u00e9nieur en agrom\u00e9t\u00e9orologie, expert en pr\u00e9vision saisonni\u00e8re, pour la campagne agricole 2021, il est attendu sur tout le territoire national une installation normale de la saison \u00e0 tendance pr\u00e9coce. En ce qui concerne la fin de la saison des pluies, elle pourrait \u00eatre \u00e9galement tardive sur l\u2019ensemble du pays. Des s\u00e9quences s\u00e8ches moyennes \u00e0 courtes dur\u00e9es sont attendues dans la zone sah\u00e9lienne ainsi que sur le Centre et l\u2019Est de la zone soudano-sah\u00e9lienne en d\u00e9but de saison. Dans la zone soudanienne et la partie Ouest de la zone soudano-sah\u00e9lienne, il est pr\u00e9vu l\u2019av\u00e8nement de s\u00e9quences s\u00e8ches dont la dur\u00e9e serait moyenne, \u00e0 tendance courte. Aussi vers la fin de la saison, il est pr\u00e9vu des s\u00e9quences s\u00e8ches moyennes sup\u00e9rieures \u00e0 la moyenne sur l\u2019ensemble du territoire. A en croire le directeur g\u00e9n\u00e9ral de l\u2019Agence nationale de m\u00e9t\u00e9orologie du Burkina, Jo\u00ebl Zoungrana, selon les pr\u00e9visions, on note \u00e9galement des risques d\u2019inondations. Pour att\u00e9nuer le risque sur les personnes et les biens, il est recommand\u00e9 d\u2019\u00e9viter l\u2019occupation des zones inondables (habitations et cultures); de curer les caniveaux pour faciliter l\u2019\u00e9vacuation des eaux de pluie; d\u2019assurer la maintenance des barrages et des infrastructures routi\u00e8res; de sensibiliser les populations des zones expos\u00e9es aux risques d\u2019inondation; de pr\u00e9voir des sites d\u2019accueil pour les populations expos\u00e9es aux sinistres; d\u2019\u00e9viter de semer le mil, le ma\u00efs, le ni\u00e9b\u00e9, le s\u00e9same et le sorgho dans les zones inondables; et de r\u00e9server les bas-fonds principalement pour le riz pluvial.<\/em><\/p>\n<p class=\"c4\"><strong><em>Il est recommand\u00e9 aux agriculteurs d\u2019augmenter les superficies des exploitations agricoles<\/em><\/strong><\/p>\n<p><em>Face aux risques de maladies, dans les localit\u00e9s humides ou inondables, il est fortement recommand\u00e9 de pr\u00e9voir des stocks de moustiquaires, d\u2019antipalud\u00e9ens, de produits de traitement de l\u2019eau; de vacciner les animaux en vue de pr\u00e9venir les \u00e9pizooties \u00e0 germes; et de renforcer la vigilance contre le cholera, la malaria, la dengue et la bilharziose. Face aux risques phytosanitaire et de s\u00e9cheresse, il est fortement recommand\u00e9 de renforcer la surveillance vis-\u00e0-vis d\u2019une \u00e9ventuelle invasion acridienne dans le pays, et de renforcer la vigilance contre les phytopathologies et les ravageurs des cultures (chenilles et autres insectes nuisibles). Il est aussi recommand\u00e9 d\u2019utiliser des vari\u00e9t\u00e9s \u00e0 haut rendement et r\u00e9sistantes \u00e0 la s\u00e8cheresse. Des recommandations ont \u00e9t\u00e9 aussi faites pour la valorisation des opportunit\u00e9s agricoles. Il est en effet recommand\u00e9 aux agriculteurs, \u00e9leveurs, autorit\u00e9s, projets, ONG d\u2019augmenter les superficies des exploitations agricoles; de soutenir le d\u00e9ploiement de techniques d\u2019augmentation de rendements des cultures, \u00e0 travers l\u2019apport des fertilisants (fumure organique et engrais min\u00e9ral); et de faciliter aux producteurs l\u2019acc\u00e8s aux semences am\u00e9lior\u00e9es. Ces pr\u00e9visions sont susceptibles d\u2019\u00e9voluer au cours de la saison des pluies. Par cons\u00e9quent, il est fortement recommand\u00e9 de suivre les mises \u00e0 jour qui seront faites en juin, juillet et ao\u00fbt par l\u2019ANAM, le Centre R\u00e9gional Agrhymet et l\u2019ACMAD.<\/em><\/p>\n<p class=\"c6\"><strong><em>Rahamatou SANON<\/em><\/strong><\/p>\n<p>Auteur: Editions LEPAYS<br \/>\n<a href=\"https:\/\/lepays.bf\/previsions-saisonnieres-2021\/\">Cliquez ici pour lire l&rsquo;article depuis sa source.<\/a><\/p>\n","protected":false},"excerpt":{"rendered":"<p>L\u2019Agence nationale de la m\u00e9t\u00e9orologie (ANAM) a anim\u00e9 une conf\u00e9rence de presse le 27 mai 2021 \u00e0 Ouagadougou. Objectif\u00a0: rendre publics les r\u00e9sultats de la pr\u00e9vision saisonni\u00e8re des pluies des mois de \u00ab\u00a0juin-juillet- Ao\u00fbt et de juillet-ao\u00fbt-septembre\u00a0\u00bb et les caract\u00e9ristiques agroclimatiques de la campagne agropastorale 2021. L\u2019Agence nationale de la m\u00e9t\u00e9orologie pr\u00e9voit, pour les p\u00e9riodes [&hellip;]<\/p>\n","protected":false},"author":1813,"featured_media":0,"comment_status":"closed","ping_status":"closed","sticky":false,"template":"","format":"standard","meta":{"fifu_image_url":"","fifu_image_alt":"","footnotes":""},"categories":[73,81],"tags":[],"class_list":["post-117569","post","type-post","status-publish","format-standard","hentry","category-actualite","category-burkina-faso"],"_links":{"self":[{"href":"https:\/\/linitiative.ca\/International\/wp-json\/wp\/v2\/posts\/117569","targetHints":{"allow":["GET"]}}],"collection":[{"href":"https:\/\/linitiative.ca\/International\/wp-json\/wp\/v2\/posts"}],"about":[{"href":"https:\/\/linitiative.ca\/International\/wp-json\/wp\/v2\/types\/post"}],"author":[{"embeddable":true,"href":"https:\/\/linitiative.ca\/International\/wp-json\/wp\/v2\/users\/1813"}],"replies":[{"embeddable":true,"href":"https:\/\/linitiative.ca\/International\/wp-json\/wp\/v2\/comments?post=117569"}],"version-history":[{"count":0,"href":"https:\/\/linitiative.ca\/International\/wp-json\/wp\/v2\/posts\/117569\/revisions"}],"wp:attachment":[{"href":"https:\/\/linitiative.ca\/International\/wp-json\/wp\/v2\/media?parent=117569"}],"wp:term":[{"taxonomy":"category","embeddable":true,"href":"https:\/\/linitiative.ca\/International\/wp-json\/wp\/v2\/categories?post=117569"},{"taxonomy":"post_tag","embeddable":true,"href":"https:\/\/linitiative.ca\/International\/wp-json\/wp\/v2\/tags?post=117569"}],"curies":[{"name":"wp","href":"https:\/\/api.w.org\/{rel}","templated":true}]}}