{"id":117571,"date":"2021-05-27T18:40:40","date_gmt":"2021-05-27T22:40:40","guid":{"rendered":"https:\/\/linitiative.ca\/International\/gouvernance-locale-un-projet-pour-renforcer-la-cohesion-sociale\/"},"modified":"2021-05-27T18:40:40","modified_gmt":"2021-05-27T22:40:40","slug":"gouvernance-locale-un-projet-pour-renforcer-la-cohesion-sociale","status":"publish","type":"post","link":"https:\/\/linitiative.ca\/International\/gouvernance-locale-un-projet-pour-renforcer-la-cohesion-sociale\/","title":{"rendered":"Gouvernance locale : Un projet pour renforcer la coh\u00e9sion sociale"},"content":{"rendered":"<div class=\"td-post-featured-image\">\n<figure><a href=\"https:\/\/www.sidwaya.info\/wp-content\/uploads\/2021\/05\/locale.jpg\" data-caption=\"Le ministre en charge de la d\u00e9centralisation, Cl\u00e9ment Sawadogo (gauche) et son homologue en charge de r\u00e9conciliation, Z\u00e9phirin Diabr\u00e9, ont salu\u00e9 la mise en \u0153uvre du projet.\"><img loading=\"lazy\" decoding=\"async\" width=\"696\" height=\"427\" class=\"entry-thumb td-modal-image\" src=\"https:\/\/www.sidwaya.info\/wp-content\/uploads\/2021\/05\/locale-696x427.jpg\" srcset=\"https:\/\/www.sidwaya.info\/wp-content\/uploads\/2021\/05\/locale-696x427.jpg 696w, https:\/\/www.sidwaya.info\/wp-content\/uploads\/2021\/05\/locale-300x184.jpg 300w, https:\/\/www.sidwaya.info\/wp-content\/uploads\/2021\/05\/locale-768x472.jpg 768w, https:\/\/www.sidwaya.info\/wp-content\/uploads\/2021\/05\/locale-150x92.jpg 150w, https:\/\/www.sidwaya.info\/wp-content\/uploads\/2021\/05\/locale-684x420.jpg 684w, https:\/\/www.sidwaya.info\/wp-content\/uploads\/2021\/05\/locale.jpg 785w\" sizes=\"auto, (max-width: 696px) 100vw, 696px\" alt=\"\" title=\"locale\"\/><\/a><figcaption class=\"wp-caption-text\">Le ministre en charge de la d\u00e9centralisation, Cl\u00e9ment Sawadogo (gauche) et son homologue en charge de r\u00e9conciliation, Z\u00e9phirin Diabr\u00e9, ont salu\u00e9 la mise en \u0153uvre du projet.<\/figcaption><\/figure>\n<\/div>\n<p><strong>Le minist\u00e8re de l\u2019Administration territoriale et de la D\u00e9centralisation, en collaboration avec le Programme des Nations unies pour le d\u00e9veloppement (PNUD) et le Royaume des Pays-Bas, a lanc\u00e9 le projet Gouvernance locale et coh\u00e9sion sociale (GoLCoS), le jeudi 27 mai 2021, \u00e0 Ouagadougou.<\/strong><\/p>\n<p>Depuis quelques ann\u00e9es, le Burkina Faso fait face \u00e0 une crise multidimensionnelle marqu\u00e9e par la d\u00e9t\u00e9rioration du climat s\u00e9curitaire du fait des attaques terroristes. Face \u00e0 cette situation qui menace le vivre-ensemble, le minist\u00e8re de l\u2019Administration territoriale et de la D\u00e9centralisation, en collaboration avec le Programme des Nations unies pour le d\u00e9veloppement (PNUD) et le Royaume des Pays-Bas, a mis en place un projet d\u00e9nomm\u00e9 Gouvernance locale et coh\u00e9sion sociale (GoLCoS). Le projet a \u00e9t\u00e9 officiellement lanc\u00e9, le jeudi 27 mai 2021 \u00e0 Ouagadougou.<\/p>\n<p>Approuv\u00e9 le 30 d\u00e9cembre 2020, le GoLCoS tire sa substance, selon le ministre d\u2019Etat en charge de l\u2019administration territoriale, Cl\u00e9ment Sawadogo, des r\u00e9f\u00e9rentiels d\u2019orientation du d\u00e9veloppement du Burkina Faso, de la Matrice d\u2019actions prioritaires (MAP) et des r\u00e9f\u00e9rentiels du cycle III de la d\u00e9centralisation. D\u2019une dur\u00e9e de trois ans et d\u2019un co\u00fbt de plus de 6,546 milliards F CFA, il a \u00e9t\u00e9 financ\u00e9 par le gouvernement des Pays-Bas, \u00e0 hauteur de plus de 5,92 milliards F CFA, le PNUD \u00e0 environ 526 millions F CFA et le reste par<br \/>le gouvernent burkinab\u00e8.<\/p>\n<p>Il a pour objectif g\u00e9n\u00e9ral, a indiqu\u00e9 le ministre Sawadogo, de contribuer au renforcement de la coh\u00e9sion sociale par une gouvernance inclusive et participative dans les collectivit\u00e9s territoriales. Il sera mis en \u0153uvre dans six r\u00e9gions que sont la Boucle du Mouhoun, le Centre-Est, l\u2019Est, le Centre-Nord, le Sahel et le Nord. Aux dires du ministre Sawadogo, 85 communes seront touch\u00e9es par ce projet. Ces communes, a-t-il signifi\u00e9, ont \u00e9t\u00e9 choisies en fonction de crit\u00e8res bien d\u00e9finis. Il s\u2019agit des communes les plus touch\u00e9es par les attaques terroristes et de celles qui ont enregistr\u00e9 des d\u00e9parts de populations ou accueilli des Personnes d\u00e9plac\u00e9s internes (PDI).<\/p>\n<p>\u00ab En plus de ces crit\u00e8res, le niveau de pauvret\u00e9 de la commune, sa capacit\u00e9 \u00e0 mobiliser des recettes propres, son niveau de couverture par les projets et programmes et la repr\u00e9sentativit\u00e9 des femmes et des jeunes dans les conseils de collectivit\u00e9s territoriales<br \/>ont \u00e9galement \u00e9t\u00e9 pris en compte \u00bb, a laiss\u00e9 entendre le<br \/>ministre.<\/p>\n<h3>Am\u00e9liorer l\u2019offre de services publics<\/h3>\n<figure id=\"attachment_35796\" aria-describedby=\"caption-attachment-35796\" class=\"wp-caption alignright c1\"><img decoding=\"async\" loading=\"lazy\" class=\"size-medium wp-image-35796\" src=\"https:\/\/www.sidwaya.info\/wp-content\/uploads\/2021\/05\/loval2-300x181.jpg\" alt=\"\" width=\"300\" height=\"181\" srcset=\"https:\/\/www.sidwaya.info\/wp-content\/uploads\/2021\/05\/loval2-300x181.jpg 300w, https:\/\/www.sidwaya.info\/wp-content\/uploads\/2021\/05\/loval2-768x464.jpg 768w, https:\/\/www.sidwaya.info\/wp-content\/uploads\/2021\/05\/loval2-150x91.jpg 150w, https:\/\/www.sidwaya.info\/wp-content\/uploads\/2021\/05\/loval2-696x420.jpg 696w, https:\/\/www.sidwaya.info\/wp-content\/uploads\/2021\/05\/loval2.jpg 780w\" sizes=\"auto, (max-width: 300px) 100vw, 300px\"\/><figcaption id=\"caption-attachment-35796\" class=\"wp-caption-text\">Les acteurs ont \u00e9t\u00e9 invit\u00e9s \u00e0 travailler afin d\u2019obtenir de bons r\u00e9sultats.<\/figcaption><\/figure>\n<p>A terme, le GoLCoS devra permettre, foi de M. Sawadogo, d\u2019am\u00e9liorer l\u2019appropriation sociale et politique de la d\u00e9centralisation par les acteurs dans la zone d\u2019intervention du projet, d\u2019am\u00e9liorer l\u2019accessibilit\u00e9 de l\u2019offre des services publics locaux et la qualit\u00e9 de la planification, de la mise en \u0153uvre et du suivi du d\u00e9veloppement local. Il va contribuer \u00e9galement au renforcement de la redevabilit\u00e9 de la gestion communale vis-\u00e0-vis de toutes les couches sociales, \u00e0 l\u2019affermissement de la participation citoyenne et de la repr\u00e9sentativit\u00e9 des groupes sp\u00e9cifiques et \u00e0 l\u2019am\u00e9lioration de la qualit\u00e9 des relations et du dialogue entre les populations et les Forces de d\u00e9fense et de s\u00e9curit\u00e9.<\/p>\n<p>\u00ab A la fin du projet, les partenaires au d\u00e9veloppement disposeront d\u2019un syst\u00e8me d\u2019analyse des conflits et d\u2019un indexe de coh\u00e9sion sociale en vue de contribuer \u00e0 pr\u00e9venir les conflits \u00bb, a-t-il fait savoir. Au regard des enjeux du GoLCoS, le ministre Sawadogo a invit\u00e9 les parties prenantes que sont les populations b\u00e9n\u00e9ficiaires, les conseils de collectivit\u00e9s territoriales et les services techniques d\u2019appui-conseil \u00e0 travailler dans un climat de paix, de confiance, d\u2019entente et de respect mutuel afin d\u2019atteindre les r\u00e9sultats escompt\u00e9s.<\/p>\n<p>Il a, par ailleurs, traduit sa reconnaissance aux Partenaires techniques et financiers (PTF), notamment le PNUD et le gouvernement des Pays- Bas qui ont permis au projet de voir le jour. D\u00e9j\u00e0, les diff\u00e9rents partenaires se sont engag\u00e9s \u00e0 \u0153uvrer davantage aux c\u00f4t\u00e9s du pays des Hommes int\u00e8gres pour relever ses d\u00e9fis de d\u00e9veloppement. \u00ab Depuis la communalisation int\u00e9grale intervenue en 2006, nous sommes aux c\u00f4t\u00e9s du gouvernement dans l\u2019impl\u00e9mentation de nombreux programmes et projets de d\u00e9veloppement local \u00bb, a d\u00e9clar\u00e9 le repr\u00e9sentant-r\u00e9sident du PNUD, Mathieu Ciowela. Pour sa part, le ministre d\u2019Etat aupr\u00e8s du pr\u00e9sident du Faso charg\u00e9 de la R\u00e9conciliation nationale et de la Coh\u00e9sion sociale, Z\u00e9phirin Diabr\u00e9, s\u2019est r\u00e9joui du lancement de GoLCoS et a promis que son d\u00e9partement jouera sa partition afin que le projet atteigne ses objectifs.<\/p>\n<p class=\"c2\"><strong>Nad\u00e8ge YAMEOGO<\/strong><\/p>\n<div class=\"td-a-rec td-a-rec-id-content_bottom tdi_33_665 td_block_template_1\">\n<p><img loading=\"lazy\" decoding=\"async\" class=\"aligncenter size-full wp-image-27454\" src=\"https:\/\/www.sidwaya.info\/wp-content\/uploads\/2020\/10\/PUB-Bandeau-paiement-mobile-siteweb.jpg\" alt=\"\" width=\"728\" height=\"90\"\/><\/div>\n<p>Auteur: JK. Sidwaya<br \/>\n<a href=\"https:\/\/www.sidwaya.info\/blog\/2021\/05\/27\/gouvernance-locale-un-projet-pour-renforcer-la-cohesion-sociale\/\">Cliquez ici pour lire l&rsquo;article depuis sa source.<\/a><\/p>\n","protected":false},"excerpt":{"rendered":"<p>Le ministre en charge de la d\u00e9centralisation, Cl\u00e9ment Sawadogo (gauche) et son homologue en charge de r\u00e9conciliation, Z\u00e9phirin Diabr\u00e9, ont salu\u00e9 la mise en \u0153uvre du projet. Le minist\u00e8re de l\u2019Administration territoriale et de la D\u00e9centralisation, en collaboration avec le Programme des Nations unies pour le d\u00e9veloppement (PNUD) et le Royaume des Pays-Bas, a lanc\u00e9 [&hellip;]<\/p>\n","protected":false},"author":1816,"featured_media":0,"comment_status":"closed","ping_status":"closed","sticky":false,"template":"","format":"standard","meta":{"fifu_image_url":"https:\/\/www.sidwaya.info\/wp-content\/uploads\/2021\/05\/locale-696x427.jpg","fifu_image_alt":"Gouvernance locale : Un projet pour renforcer la coh\u00e9sion sociale","footnotes":""},"categories":[73,81],"tags":[],"class_list":["post-117571","post","type-post","status-publish","format-standard","hentry","category-actualite","category-burkina-faso"],"_links":{"self":[{"href":"https:\/\/linitiative.ca\/International\/wp-json\/wp\/v2\/posts\/117571","targetHints":{"allow":["GET"]}}],"collection":[{"href":"https:\/\/linitiative.ca\/International\/wp-json\/wp\/v2\/posts"}],"about":[{"href":"https:\/\/linitiative.ca\/International\/wp-json\/wp\/v2\/types\/post"}],"author":[{"embeddable":true,"href":"https:\/\/linitiative.ca\/International\/wp-json\/wp\/v2\/users\/1816"}],"replies":[{"embeddable":true,"href":"https:\/\/linitiative.ca\/International\/wp-json\/wp\/v2\/comments?post=117571"}],"version-history":[{"count":0,"href":"https:\/\/linitiative.ca\/International\/wp-json\/wp\/v2\/posts\/117571\/revisions"}],"wp:attachment":[{"href":"https:\/\/linitiative.ca\/International\/wp-json\/wp\/v2\/media?parent=117571"}],"wp:term":[{"taxonomy":"category","embeddable":true,"href":"https:\/\/linitiative.ca\/International\/wp-json\/wp\/v2\/categories?post=117571"},{"taxonomy":"post_tag","embeddable":true,"href":"https:\/\/linitiative.ca\/International\/wp-json\/wp\/v2\/tags?post=117571"}],"curies":[{"name":"wp","href":"https:\/\/api.w.org\/{rel}","templated":true}]}}