{"id":117573,"date":"2021-05-27T18:58:49","date_gmt":"2021-05-27T22:58:49","guid":{"rendered":"https:\/\/linitiative.ca\/International\/sensibilisation-des-parties-prenantes-au-droit-dauteur-laxe-1-de-la-campagne-lance-a-gaoua\/"},"modified":"2021-05-27T18:58:49","modified_gmt":"2021-05-27T22:58:49","slug":"sensibilisation-des-parties-prenantes-au-droit-dauteur-laxe-1-de-la-campagne-lance-a-gaoua","status":"publish","type":"post","link":"https:\/\/linitiative.ca\/International\/sensibilisation-des-parties-prenantes-au-droit-dauteur-laxe-1-de-la-campagne-lance-a-gaoua\/","title":{"rendered":"Sensibilisation des parties prenantes au Droit d\u2019auteur : L\u2019axe 1 de la campagne lanc\u00e9 \u00e0 Gaoua"},"content":{"rendered":"<div class=\"td-post-featured-image\"><a href=\"https:\/\/www.sidwaya.info\/wp-content\/uploads\/2021\/05\/bara.jpg\" data-caption=\"\"><img loading=\"lazy\" decoding=\"async\" width=\"696\" height=\"533\" class=\"entry-thumb td-modal-image\" src=\"https:\/\/www.sidwaya.info\/wp-content\/uploads\/2021\/05\/bara-696x533.jpg\" srcset=\"https:\/\/www.sidwaya.info\/wp-content\/uploads\/2021\/05\/bara-696x533.jpg 696w, https:\/\/www.sidwaya.info\/wp-content\/uploads\/2021\/05\/bara-300x230.jpg 300w, https:\/\/www.sidwaya.info\/wp-content\/uploads\/2021\/05\/bara-150x115.jpg 150w, https:\/\/www.sidwaya.info\/wp-content\/uploads\/2021\/05\/bara-549x420.jpg 549w, https:\/\/www.sidwaya.info\/wp-content\/uploads\/2021\/05\/bara-80x60.jpg 80w, https:\/\/www.sidwaya.info\/wp-content\/uploads\/2021\/05\/bara.jpg 700w\" sizes=\"auto, (max-width: 696px) 100vw, 696px\" alt=\"\" title=\"bara\"\/><\/a><\/div>\n<p><strong>La campagne de sensibilisation des parties prenantes du droit d\u2019auteur a d\u00e9but\u00e9, le samedi 22 mai 2021 \u00e0 Gaoua, dans la r\u00e9gion du Sud-Ouest.<\/strong><\/p>\n<p>Initi\u00e9 par le Bureau burkinab\u00e8 du droit d\u2019auteur (BBDA), l\u2019axe 1 de la campagne de sensibilisation des parties prenantes du droit d\u2019auteur se d\u00e9roulera, du 21 au 29 mai 2021, dans la r\u00e9gion du Sud-Ouest, sous le th\u00e8me : \u00ab Importance du droit d\u2019auteur dans le d\u00e9veloppement socio\u00e9conomique du Burkina Faso \u00bb. Le top de d\u00e9part des activit\u00e9s a \u00e9t\u00e9 donn\u00e9, le samedi 22 mai 2021 dans la cit\u00e9 de Bafudji. \u00ab Gaoua est tr\u00e8s symbolique au regard de son histoire particuli\u00e8re dans l\u2019\u00e9cosyst\u00e8me burkinab\u00e8 et du nombre important d\u2019utilisateurs d\u2019\u0153uvres de l\u2019esprit qui y r\u00e9sident.<\/p>\n<p>En compagnie de l\u2019ambassadrice du droit d\u2019auteur, Augusta Palenfo, qui est originaire de la localit\u00e9, notre objectif est \u00e9galement de dissiper toutes les incompr\u00e9hensions et autres formes de r\u00e9sistance li\u00e9es au paiement de la redevance du droit d\u2019auteur \u00bb, a expliqu\u00e9 le Directeur g\u00e9n\u00e9ral (DG) du BBDA, Wahabou Bara. Accompagn\u00e9s d\u2019agents du BBDA, et de l\u2019ambassadrice du droit d\u2019auteur, Augusta Palenfo, des volontaires du Programme national de volontariat au Burkina Faso (PNVB), ont parcouru, dans la matin\u00e9e du samedi 22 et dimanche 23 mai 2021, les diff\u00e9rents secteurs de la<br \/>\u00ab cit\u00e9 de Bafuji \u00bb, en vue d\u2019identifier et de sensibiliser les parties prenantes du droit d\u2019auteur.<\/p>\n<p>A toutes les \u00e9tapes, les volontaires, sous le regard bienveillant des techniciens du BBDA, ont pr\u00e9sent\u00e9 le BBDA, ses missions et les devoirs des utilisateurs d\u2019\u0153uvres de l\u2019esprit. Apr\u00e8s les discussions, la plupart des parties prenantes ont fourni les renseignements n\u00e9cessaires avant d\u2019\u00eatre ajout\u00e9s \u00e0 la liste des utilisateurs de la r\u00e9gion du Sud-Ouest. C\u2019est, entre autres, le cas de Omar Kanazo\u00e9 (Etablissement Telecom Zood Nooma Kanazo\u00e9 et Fr\u00e8res, au secteur 6 et de Kouakou Youl, tenancier de maquis, au secteur 1 de Gaoua. \u00ab Un artiste doit vivre pleinement de son art.<\/p>\n<p>Mais, je ne savais pas que je devais payer une redevance. Apr\u00e8s cette sensibilisation, je vais d\u00e9sormais m\u2019inscrire dans cette dynamique \u00bb, a promis M.Youl. G\u00e9rant du maquis le \u00ab Jardin du Maire \u00bb, au secteur 1, Loula Palenfo s\u2019est, d\u2019abord, montr\u00e9 r\u00e9ticent, croyant<br \/>\u00ab avoir affaire aux agents des imp\u00f4ts \u00bb. Visiblement,<br \/>\u00ab convaincu \u00bb, apr\u00e8s les explications des volontaires, et de l\u2019agent du BBDA, Aziz Barro, il a, ensuite, volontiers, renseign\u00e9 la fiche de renseignement du BBDA et appos\u00e9 sa signature.<\/p>\n<h3>Accro\u00eetre les recettes<\/h3>\n<p>L\u2019objectif est de donner, a confi\u00e9 la Directrice r\u00e9gionale de l\u2019Ouest du BBDA, Minata Soma, la bonne information aux diff\u00e9rents utilisateurs. \u00ab La redevance n\u2019est pas une taxe. Elle est plut\u00f4t une contrepartie financi\u00e8re qui doit revenir \u00e0 l\u2019artiste afin de lui permettre de s\u2019\u00e9panouir et de vivre dignement de son art \u00bb, a pr\u00e9cis\u00e9 Mme Soma. Avec le concours de son partenaire, la BRAKINA\/SODIBO, le BBDA ambitionne d\u2019\u00e9largir l\u2019assiette de la recette des droits d\u2019auteurs en collectant une manne financi\u00e8re issue de la consommation de la<br \/>\u00ab Brakina \u00bb, en vue de renforcer le Fonds de promotion culturelle (FPC).<\/p>\n<p>En collaboration avec la BRAKINA\/ SODIBO, l\u2019\u00e9quipe du BBDA a ainsi organis\u00e9, dans la soir\u00e9e des 22 et 23 mai 2021, des animations-sensibilisations respectivement aux maquis \u00ab Le Verger \u00bb et le \u00ab Provincial \u00bb. Dans le second lieu cit\u00e9, la client\u00e8le a particip\u00e9 aux jeux des questions- r\u00e9ponses sur les missions du BBDA, et le droit d\u2019auteur avec en toile de fond un concours de danse entre des clients et l\u2019ambassadrice du droit d\u2019auteur, Augusta Palenfo. Dans la m\u00eame veine, il a \u00e9t\u00e9 \u00e9galement initi\u00e9, le samedi 22 mai 2021, un concert \u00e0 la place de la Nation (ex-place de la R\u00e9volution).<\/p>\n<p>Elle a vu la participation de l\u2019ambassadrice du droit d\u2019auteur, Augusta Palenfo et d\u2019autorit\u00e9s administratives dont la Directrice r\u00e9gionale de la Culture, des Arts et du Tourisme du Sud-Ouest, S\u00e9raphine Som\u00e9, et bien d\u2019autres invit\u00e9s. Pendant plus de trois heures d\u2019horloge, le podium a vu d\u00e9filer uniquement des artistes et formations musicales de la r\u00e9gion du Sud-Ouest. Une rencontre d\u2019\u00e9changes avec les acteurs culturels de la r\u00e9gion du Sud-Ouest a constitu\u00e9, le lundi 24 mai 2021, le clou des activit\u00e9s de cette premi\u00e8re partie de l\u2019axe 1 de la campagne de sensibilisation des parties prenantes du droit d\u2019auteur.<\/p>\n<p>Avant de r\u00e9pondre aux diverses pr\u00e9occupations de leurs h\u00f4tes, le DG du BBDA, et son \u00e9quipe se sont appesantis, \u00e0 travers quatre communications, sur les droits d\u2019auteur, les droits voisins, la loi n\u00b0048-2019\/AN et ses d\u00e9crets d\u2019application, le nouveau r\u00e8glement de r\u00e9partition adopt\u00e9 le 8 octobre 2020. Quelques heures plus t\u00f4t, une d\u00e9l\u00e9gation du BBDA a effectu\u00e9 une visite de courtoisie chez les leaders coutumiers et religieux de la r\u00e9gion\u2026<br \/>La seconde partie de l\u2019axe 1 de cette campagne va concerner, du 26 au 29 mai 2021, les villes de Kampti, Di\u00e9bougou et Dano.<\/p>\n<p class=\"c1\"><strong>W. Aubin NANA<\/strong><br \/>nanaubin@yahoo.fr<\/p>\n<div class=\"td-a-rec td-a-rec-id-content_bottom tdi_33_04b td_block_template_1\">\n<p><img loading=\"lazy\" decoding=\"async\" class=\"aligncenter size-full wp-image-27454\" src=\"https:\/\/www.sidwaya.info\/wp-content\/uploads\/2020\/10\/PUB-Bandeau-paiement-mobile-siteweb.jpg\" alt=\"\" width=\"728\" height=\"90\"\/><\/div>\n<p>Auteur: JK. Sidwaya<br \/>\n<a href=\"https:\/\/www.sidwaya.info\/blog\/2021\/05\/27\/sensibilisation-des-parties-prenantes-au-droit-dauteur-laxe-1-de-la-campagne-lance-a-gaoua\/\">Cliquez ici pour lire l&rsquo;article depuis sa source.<\/a><\/p>\n","protected":false},"excerpt":{"rendered":"<p>La campagne de sensibilisation des parties prenantes du droit d\u2019auteur a d\u00e9but\u00e9, le samedi 22 mai 2021 \u00e0 Gaoua, dans la r\u00e9gion du Sud-Ouest. Initi\u00e9 par le Bureau burkinab\u00e8 du droit d\u2019auteur (BBDA), l\u2019axe 1 de la campagne de sensibilisation des parties prenantes du droit d\u2019auteur se d\u00e9roulera, du 21 au 29 mai 2021, dans [&hellip;]<\/p>\n","protected":false},"author":1816,"featured_media":0,"comment_status":"closed","ping_status":"closed","sticky":false,"template":"","format":"standard","meta":{"fifu_image_url":"https:\/\/www.sidwaya.info\/wp-content\/uploads\/2021\/05\/bara-696x533.jpg","fifu_image_alt":"Sensibilisation des parties prenantes au Droit d\u2019auteur : L\u2019axe 1 de la campagne lanc\u00e9 \u00e0 Gaoua","footnotes":""},"categories":[73,81],"tags":[],"class_list":["post-117573","post","type-post","status-publish","format-standard","hentry","category-actualite","category-burkina-faso"],"_links":{"self":[{"href":"https:\/\/linitiative.ca\/International\/wp-json\/wp\/v2\/posts\/117573","targetHints":{"allow":["GET"]}}],"collection":[{"href":"https:\/\/linitiative.ca\/International\/wp-json\/wp\/v2\/posts"}],"about":[{"href":"https:\/\/linitiative.ca\/International\/wp-json\/wp\/v2\/types\/post"}],"author":[{"embeddable":true,"href":"https:\/\/linitiative.ca\/International\/wp-json\/wp\/v2\/users\/1816"}],"replies":[{"embeddable":true,"href":"https:\/\/linitiative.ca\/International\/wp-json\/wp\/v2\/comments?post=117573"}],"version-history":[{"count":0,"href":"https:\/\/linitiative.ca\/International\/wp-json\/wp\/v2\/posts\/117573\/revisions"}],"wp:attachment":[{"href":"https:\/\/linitiative.ca\/International\/wp-json\/wp\/v2\/media?parent=117573"}],"wp:term":[{"taxonomy":"category","embeddable":true,"href":"https:\/\/linitiative.ca\/International\/wp-json\/wp\/v2\/categories?post=117573"},{"taxonomy":"post_tag","embeddable":true,"href":"https:\/\/linitiative.ca\/International\/wp-json\/wp\/v2\/tags?post=117573"}],"curies":[{"name":"wp","href":"https:\/\/api.w.org\/{rel}","templated":true}]}}