{"id":117576,"date":"2021-05-28T11:18:02","date_gmt":"2021-05-28T15:18:02","guid":{"rendered":"https:\/\/linitiative.ca\/International\/deces-a-abidjan-du-journaliste-ivoirien-doukoure-amadou\/"},"modified":"2021-05-28T11:18:02","modified_gmt":"2021-05-28T15:18:02","slug":"deces-a-abidjan-du-journaliste-ivoirien-doukoure-amadou","status":"publish","type":"post","link":"https:\/\/linitiative.ca\/International\/deces-a-abidjan-du-journaliste-ivoirien-doukoure-amadou\/","title":{"rendered":"D\u00e9c\u00e8s \u00e0 Abidjan du journaliste ivoirien Doukour\u00e9 Amadou"},"content":{"rendered":"<div readability=\"32\">\n<p>Publi\u00e9 le 28.05.2021 \u00e0 16h18 par APA News<\/p>\n<\/div>\n<div readability=\"43\">\n<p>Le journaliste ivoirien Doukour\u00e9 Amadou est d\u00e9c\u00e9d\u00e9, vendredi, \u00e0 Abidjan, a appris APA de sources concordantes dans la capitale \u00e9conomique ivoirienne.<\/p>\n<p>M. Doukour\u00e9, ex-directeur de l\u2019information de la premi\u00e8re cha\u00eene de t\u00e9l\u00e9vision du Groupe Radiodiffusion t\u00e9l\u00e9vision ivoirienne (RTI, service public) est d\u00e9c\u00e9d\u00e9 des suites d\u2019une longue maladie, pr\u00e9cisent les m\u00eames sources.<\/p>\n<\/div>\n<p>Auteur: APA News<br \/>\n<a href=\"https:\/\/www.journalducameroun.com\/deces-a-abidjan-du-journaliste-ivoirien-doukoure-amadou\/\">Cliquez ici pour lire l&rsquo;article depuis sa source.<\/a><\/p>\n","protected":false},"excerpt":{"rendered":"<p>Publi\u00e9 le 28.05.2021 \u00e0 16h18 par APA News Le journaliste ivoirien Doukour\u00e9 Amadou est d\u00e9c\u00e9d\u00e9, vendredi, \u00e0 Abidjan, a appris APA de sources concordantes dans la capitale \u00e9conomique ivoirienne. M. Doukour\u00e9, ex-directeur de l\u2019information de la premi\u00e8re cha\u00eene de t\u00e9l\u00e9vision du Groupe Radiodiffusion t\u00e9l\u00e9vision ivoirienne (RTI, service public) est d\u00e9c\u00e9d\u00e9 des suites d\u2019une longue maladie, [&hellip;]<\/p>\n","protected":false},"author":1965,"featured_media":0,"comment_status":"closed","ping_status":"closed","sticky":false,"template":"","format":"standard","meta":{"fifu_image_url":"","fifu_image_alt":"","footnotes":""},"categories":[73,82],"tags":[],"class_list":["post-117576","post","type-post","status-publish","format-standard","hentry","category-actualite","category-cameroun"],"_links":{"self":[{"href":"https:\/\/linitiative.ca\/International\/wp-json\/wp\/v2\/posts\/117576","targetHints":{"allow":["GET"]}}],"collection":[{"href":"https:\/\/linitiative.ca\/International\/wp-json\/wp\/v2\/posts"}],"about":[{"href":"https:\/\/linitiative.ca\/International\/wp-json\/wp\/v2\/types\/post"}],"author":[{"embeddable":true,"href":"https:\/\/linitiative.ca\/International\/wp-json\/wp\/v2\/users\/1965"}],"replies":[{"embeddable":true,"href":"https:\/\/linitiative.ca\/International\/wp-json\/wp\/v2\/comments?post=117576"}],"version-history":[{"count":0,"href":"https:\/\/linitiative.ca\/International\/wp-json\/wp\/v2\/posts\/117576\/revisions"}],"wp:attachment":[{"href":"https:\/\/linitiative.ca\/International\/wp-json\/wp\/v2\/media?parent=117576"}],"wp:term":[{"taxonomy":"category","embeddable":true,"href":"https:\/\/linitiative.ca\/International\/wp-json\/wp\/v2\/categories?post=117576"},{"taxonomy":"post_tag","embeddable":true,"href":"https:\/\/linitiative.ca\/International\/wp-json\/wp\/v2\/tags?post=117576"}],"curies":[{"name":"wp","href":"https:\/\/api.w.org\/{rel}","templated":true}]}}