{"id":117578,"date":"2021-05-28T13:18:02","date_gmt":"2021-05-28T17:18:02","guid":{"rendered":"https:\/\/linitiative.ca\/International\/tourisme-ivoirien-un-test-annonce-pour-une-formation-au-maroc\/"},"modified":"2021-05-28T13:18:02","modified_gmt":"2021-05-28T17:18:02","slug":"tourisme-ivoirien-un-test-annonce-pour-une-formation-au-maroc","status":"publish","type":"post","link":"https:\/\/linitiative.ca\/International\/tourisme-ivoirien-un-test-annonce-pour-une-formation-au-maroc\/","title":{"rendered":"Tourisme ivoirien: un test annonc\u00e9 pour une formation au Maroc"},"content":{"rendered":"<div readability=\"32\">\n<p>Publi\u00e9 le 28.05.2021 \u00e0 18h18 par APA News<\/p>\n<\/div>\n<div readability=\"69\">\n<p>Le minist\u00e8re ivoirien du Tourisme et des loisirs, annonce un test de s\u00e9lection pour une formation aux dipl\u00f4mes de techniciens sp\u00e9cialis\u00e9s en tourisme et en h\u00f4tellerie au Maroc pour l\u2019ann\u00e9e acad\u00e9mique 2021-2022, selon une note.<\/p>\n<p>Ce test intervient \u00ab\u00a0dans le cadre de la mise en oeuvre de l\u2019accord de coop\u00e9ration entre la C\u00f4te d\u2019Ivoire et le Maroc, en mati\u00e8re de tourisme\u00a0\u00bb, pr\u00e9cise la note sign\u00e9e de M. Siandou Fofana, ministre ivoirien du Tourisme et des loisirs.<\/p>\n<p>Le d\u00e9partement minist\u00e9riel en charge du Tourisme ivoirien organisera ce \u00ab\u00a0test de s\u00e9lection pour une formation aux dipl\u00f4mes de techniciens sp\u00e9cialis\u00e9s en tourisme et en h\u00f4tellerie au Royaume du Maroc au titre de l\u2019ann\u00e9e acad\u00e9mique 2021\u20132022\u00a0\u00bb.\u00a0<\/p>\n<p>Pour faire acte de candidature, les postulants devront toutefois remplir des conditions: \u00ab\u00a0\u00eatre de nationalit\u00e9 ivoirienne; titulaire d\u2019un dipl\u00f4me \u00e9quivalent au baccalaur\u00e9at marocain (s\u00e9ries A1; A2; B; C; D; G2; E et BT comptabilit\u00e9) des sessions 2016; 2017; 2018; 2019 et 2020\u00a0\u00bb.<\/p>\n<p>En outre, la note mentionne que le candidat devrait avoir un \u00e2ge inf\u00e9rieur ou \u00e9gal \u00e0 25 ans et \u00ab\u00a0la motivation, la vocation et les aptitudes requises pour l\u2019exercice d\u2019un m\u00e9tier du secteur du tourisme et de l\u2019h\u00f4tellerie\u00a0\u00bb.<\/p>\n<p>Il devra \u00e9galement \u00ab\u00a0jouir de ses droits civiques\u00a0\u00bb. Cependant, pour des questions pratiques d\u2019organisation du test, il est requis un droit de participation au test. Le postulant devra aussi pr\u00e9senter la preuve financi\u00e8re de l\u2019achat du billet d\u2019avion aller-retour.<\/p>\n<p>Le test se d\u00e9roule dans un contexte marqu\u00e9 par la pand\u00e9mie de Covid-19 qui touche tous les pays de la plan\u00e8te. De ce fait, il est demand\u00e9 aux candidats de disposer d\u2019un carnet de vaccination \u00e0 la Covid-19.<\/p>\n<\/div>\n<p>Auteur: APA News<br \/>\n<a href=\"https:\/\/www.journalducameroun.com\/tourisme-ivoirien-un-test-annonce-pour-une-formation-au-maroc\/\">Cliquez ici pour lire l&rsquo;article depuis sa source.<\/a><\/p>\n","protected":false},"excerpt":{"rendered":"<p>Publi\u00e9 le 28.05.2021 \u00e0 18h18 par APA News Le minist\u00e8re ivoirien du Tourisme et des loisirs, annonce un test de s\u00e9lection pour une formation aux dipl\u00f4mes de techniciens sp\u00e9cialis\u00e9s en tourisme et en h\u00f4tellerie au Maroc pour l\u2019ann\u00e9e acad\u00e9mique 2021-2022, selon une note. Ce test intervient \u00ab\u00a0dans le cadre de la mise en oeuvre de [&hellip;]<\/p>\n","protected":false},"author":1965,"featured_media":0,"comment_status":"closed","ping_status":"closed","sticky":false,"template":"","format":"standard","meta":{"fifu_image_url":"","fifu_image_alt":"","footnotes":""},"categories":[73,82],"tags":[],"class_list":["post-117578","post","type-post","status-publish","format-standard","hentry","category-actualite","category-cameroun"],"_links":{"self":[{"href":"https:\/\/linitiative.ca\/International\/wp-json\/wp\/v2\/posts\/117578","targetHints":{"allow":["GET"]}}],"collection":[{"href":"https:\/\/linitiative.ca\/International\/wp-json\/wp\/v2\/posts"}],"about":[{"href":"https:\/\/linitiative.ca\/International\/wp-json\/wp\/v2\/types\/post"}],"author":[{"embeddable":true,"href":"https:\/\/linitiative.ca\/International\/wp-json\/wp\/v2\/users\/1965"}],"replies":[{"embeddable":true,"href":"https:\/\/linitiative.ca\/International\/wp-json\/wp\/v2\/comments?post=117578"}],"version-history":[{"count":0,"href":"https:\/\/linitiative.ca\/International\/wp-json\/wp\/v2\/posts\/117578\/revisions"}],"wp:attachment":[{"href":"https:\/\/linitiative.ca\/International\/wp-json\/wp\/v2\/media?parent=117578"}],"wp:term":[{"taxonomy":"category","embeddable":true,"href":"https:\/\/linitiative.ca\/International\/wp-json\/wp\/v2\/categories?post=117578"},{"taxonomy":"post_tag","embeddable":true,"href":"https:\/\/linitiative.ca\/International\/wp-json\/wp\/v2\/tags?post=117578"}],"curies":[{"name":"wp","href":"https:\/\/api.w.org\/{rel}","templated":true}]}}