{"id":117579,"date":"2021-05-28T13:18:02","date_gmt":"2021-05-28T17:18:02","guid":{"rendered":"https:\/\/linitiative.ca\/International\/ramaphosa-et-macron-discutent-du-vaccin-contre-le-covid-19\/"},"modified":"2021-05-28T13:18:02","modified_gmt":"2021-05-28T17:18:02","slug":"ramaphosa-et-macron-discutent-du-vaccin-contre-le-covid-19","status":"publish","type":"post","link":"https:\/\/linitiative.ca\/International\/ramaphosa-et-macron-discutent-du-vaccin-contre-le-covid-19\/","title":{"rendered":"Ramaphosa et Macron discutent du vaccin contre le Covid-19"},"content":{"rendered":"<div readability=\"32\">\n<p>Publi\u00e9 le 28.05.2021 \u00e0 18h18 par APA News<\/p>\n<\/div>\n<div readability=\"78\">\n<p>Le pr\u00e9sident fran\u00e7ais, Emmanuel Macron, est arriv\u00e9 ce vendredi en Afrique du Sud pour une visite d\u2019une journ\u00e9e.Au ours de son s\u00e9jour, il discutera avec le pr\u00e9sident Cyril Ramaphosa de la possibilit\u00e9 de permettre \u00e0 l\u2019Afrique d\u2019acc\u00e9der aux capacit\u00e9s de fabrication de vaccins contre le Covid-19.<\/p>\n<p>Selon la pr\u00e9sidence sud-africaine, les deux dirigeants devraient discuter d\u2019une d\u00e9rogation temporaire aux droits de propri\u00e9t\u00e9 de l\u2019Organisation mondiale du commerce sur la fabrication des vaccins.<\/p>\n<p>Cette id\u00e9e est d\u00e9fendue par l\u2019Afrique du Sud et l\u2019Inde, qui font valoir que cette d\u00e9rogation stimulerait la production de vaccins dans les pays en d\u00e9veloppement d\u2019Afrique et d\u2019autres r\u00e9gions, a indiqu\u00e9 la pr\u00e9sidence.<\/p>\n<p>Les deux dirigeants lanceront un programme \u00e0 l\u2019Universit\u00e9 de Pretoria pour soutenir la production africaine de vaccins contre le Covid-19, un projet soutenu par l\u2019Union europ\u00e9enne, les \u00c9tats-Unis et la Banque mondiale.<\/p>\n<p>L\u2019Afrique du Sud, \u00e9conomie la plus industrialis\u00e9e d\u2019Afrique, mais aussi la plus touch\u00e9e par le Covid-19, a enregistr\u00e9 plus de 1,6 million de cas dont plus de 57.000 d\u00e9c\u00e8s.<\/p>\n<p>Cependant, seul un pour cent de sa population d\u2019environ 59 millions d\u2019habitants a \u00e9t\u00e9 vaccin\u00e9, la plupart d\u2019entre eux \u00e9tant des professionnels de la sant\u00e9 et des personnes \u00e2g\u00e9es de 60 ans ou plus. La campagne a connu un d\u00e9marrage difficile, les vaccins AstraZeneca ayant \u00e9t\u00e9 abandonn\u00e9s au profit des vaccins Johnson &amp; Johnson, puis de ceux de Pfizer au cours de l\u2019exercice de d\u00e9ploiement.<\/p>\n<p>M. Macron est arriv\u00e9 en Afrique du Sud apr\u00e8s une visite historique au Rwanda, o\u00f9 il a reconnu la responsabilit\u00e9 de la France dans le g\u00e9nocide de 1994, qui a vu le meurtre de pr\u00e8s d\u2019un million de personnes, principalement des Tutsis.<\/p>\n<\/div>\n<p>Auteur: APA News<br \/>\n<a href=\"https:\/\/www.journalducameroun.com\/ramaphosa-et-macron-discutent-du-vaccin-contre-le-covid-19\/\">Cliquez ici pour lire l&rsquo;article depuis sa source.<\/a><\/p>\n","protected":false},"excerpt":{"rendered":"<p>Publi\u00e9 le 28.05.2021 \u00e0 18h18 par APA News Le pr\u00e9sident fran\u00e7ais, Emmanuel Macron, est arriv\u00e9 ce vendredi en Afrique du Sud pour une visite d\u2019une journ\u00e9e.Au ours de son s\u00e9jour, il discutera avec le pr\u00e9sident Cyril Ramaphosa de la possibilit\u00e9 de permettre \u00e0 l\u2019Afrique d\u2019acc\u00e9der aux capacit\u00e9s de fabrication de vaccins contre le Covid-19. Selon [&hellip;]<\/p>\n","protected":false},"author":1965,"featured_media":0,"comment_status":"closed","ping_status":"closed","sticky":false,"template":"","format":"standard","meta":{"fifu_image_url":"","fifu_image_alt":"","footnotes":""},"categories":[73,82],"tags":[],"class_list":["post-117579","post","type-post","status-publish","format-standard","hentry","category-actualite","category-cameroun"],"_links":{"self":[{"href":"https:\/\/linitiative.ca\/International\/wp-json\/wp\/v2\/posts\/117579","targetHints":{"allow":["GET"]}}],"collection":[{"href":"https:\/\/linitiative.ca\/International\/wp-json\/wp\/v2\/posts"}],"about":[{"href":"https:\/\/linitiative.ca\/International\/wp-json\/wp\/v2\/types\/post"}],"author":[{"embeddable":true,"href":"https:\/\/linitiative.ca\/International\/wp-json\/wp\/v2\/users\/1965"}],"replies":[{"embeddable":true,"href":"https:\/\/linitiative.ca\/International\/wp-json\/wp\/v2\/comments?post=117579"}],"version-history":[{"count":0,"href":"https:\/\/linitiative.ca\/International\/wp-json\/wp\/v2\/posts\/117579\/revisions"}],"wp:attachment":[{"href":"https:\/\/linitiative.ca\/International\/wp-json\/wp\/v2\/media?parent=117579"}],"wp:term":[{"taxonomy":"category","embeddable":true,"href":"https:\/\/linitiative.ca\/International\/wp-json\/wp\/v2\/categories?post=117579"},{"taxonomy":"post_tag","embeddable":true,"href":"https:\/\/linitiative.ca\/International\/wp-json\/wp\/v2\/tags?post=117579"}],"curies":[{"name":"wp","href":"https:\/\/api.w.org\/{rel}","templated":true}]}}