{"id":117583,"date":"2021-05-29T09:12:58","date_gmt":"2021-05-29T13:12:58","guid":{"rendered":"https:\/\/linitiative.ca\/International\/partenariat-le-royaume-uni-interesse-par-une-cooperation-triangulaire-avec-le-maroc-et-lafrique\/"},"modified":"2021-05-29T09:12:58","modified_gmt":"2021-05-29T13:12:58","slug":"partenariat-le-royaume-uni-interesse-par-une-cooperation-triangulaire-avec-le-maroc-et-lafrique","status":"publish","type":"post","link":"https:\/\/linitiative.ca\/International\/partenariat-le-royaume-uni-interesse-par-une-cooperation-triangulaire-avec-le-maroc-et-lafrique\/","title":{"rendered":"Partenariat: Le Royaume-Uni int\u00e9ress\u00e9 par une coop\u00e9ration triangulaire avec le Maroc et l\u2019Afrique"},"content":{"rendered":"<figure class=\"post-thumbnail\" itemprop=\"associatedMedia\" itemscope=\"itemscope\" itemtype=\"http:\/\/schema.org\/ImageObject\"><img decoding=\"async\" class=\"post_layout_5_img\" src=\"http:\/\/aujourdhui.ma\/wp-content\/uploads\/2019\/05\/drapeau-maroc-royaume-uni.jpg\" alt=\"Partenariat: Le Royaume-Uni int\u00e9ress\u00e9 par une coop\u00e9ration triangulaire avec le Maroc et l\u2019Afrique\"\/><\/figure>\n<p>La coop\u00e9ration maroco-britannique est centre des \u00e9changes entre les deux pays. En effet, le Maroc et le Royaume-Uni ont r\u00e9it\u00e9r\u00e9 l\u2019importance de d\u00e9finir les priorit\u00e9s d\u2019une feuille de route conjointe pour la p\u00e9riode post-Covid \u00e0 la hauteur du Partenariat Strat\u00e9gique voulu entre les deux pays.<span id=\"more-377729\"\/><\/p>\n<p>Lors d\u2019un entretien par visioconf\u00e9rence entre le ministre des Affaires Etrang\u00e8res, de la Coop\u00e9ration Africaine et des Marocains R\u00e9sidant \u00e0 l\u2019Etranger, M. Nasser Bourita et le ministre d\u2019Etat charg\u00e9 du Moyen-Orient et de l\u2019Afrique du Nord au bureau des Affaires Etrang\u00e8res, du Commonwealth et du D\u00e9veloppement International du Royaume-Uni, M. James Cleverly, les deux parties ont lou\u00e9 l\u2019excellence des relations historiques entre le Maroc et le Royaume-Uni et r\u00e9it\u00e9r\u00e9 l\u2019importance de d\u00e9finir les priorit\u00e9s d\u2019une feuille de route conjointe pour la p\u00e9riode post-Covid, \u00e0 la hauteur du Partenariat Strat\u00e9gique voulu entre les deux pays.<\/p>\n<p>A cette occasion, MM. Bourita et Cleverly se sont r\u00e9jouis de l\u2019agenda bilat\u00e9ral actuel marqu\u00e9 par plusieurs \u00e9ch\u00e9ances, notamment par la mise en \u0153uvre de l\u2019Accord d\u2019Association post-Brexit, l\u2019activation du Conseil d\u2019Association et la programmation de la 3 \u00e8me session du Dialogue Strat\u00e9gique, pr\u00e9vue \u00e0 Londres, indique un communiqu\u00e9 du minist\u00e8re des Affaires Etrang\u00e8res, de la Coop\u00e9ration Africaine et des Marocains R\u00e9sidant \u00e0 l\u2019Etranger.<\/p>\n<p>Les deux ministres ont mis en exergue l\u2019importance de renforcer le dialogue politique et le partenariat \u00e9conomique bilat\u00e9ral, en l\u2019ouvrant sur de nouveaux axes novateurs de coop\u00e9ration et de nouvelles cha\u00eenes de valeurs, comme l\u2019\u00e9conomie verte, particuli\u00e8rement dans le contexte de la prochaine COP26.<\/p>\n<p>Lors de cette entrevue, M. Cleverly a salu\u00e9 la Vision \u00e9clair\u00e9e de Sa Majest\u00e9 le Roi Mohammed VI qui se distingue par une dynamique d\u2019ouverture, de progr\u00e8s et de modernit\u00e9, tout en se f\u00e9licitant du Nouveau Mod\u00e8le de D\u00e9veloppement dont se dote le Royaume et de la promotion d\u2019une r\u00e9gionalisation avanc\u00e9e.<\/p>\n<p>Il a aussi tenu \u00e0 saluer le Maroc en tant que p\u00f4le de stabilit\u00e9 r\u00e9gional et partenaire privil\u00e9gi\u00e9 en Afrique.<\/p>\n<p>Les deux parties se sont, \u00e0 cet \u00e9gard, accord\u00e9es sur l\u2019importance de promouvoir davantage la coop\u00e9ration triangulaire vers l\u2019Afrique principalement dans les domaines \u00e9conomique et de l\u2019investissement.<\/p>\n<p>Elles se sont, en outre, f\u00e9licit\u00e9es de la coordination men\u00e9e par le Maroc et le Royaume-Uni au niveau multilat\u00e9ral et ont convenu de poursuivre leur concertation sur les questions r\u00e9gionales et internationales d\u2019int\u00e9r\u00eat commun, notamment la situation en Libye et au Sahel.<\/p>\n<p>Auteur: ALM<br \/>\n<a href=\"https:\/\/aujourdhui.ma\/actualite\/partenariat-le-royaume-uni-interesse-par-une-cooperation-triangulaire-avec-le-maroc-et-lafrique-1\">Cliquez ici pour lire l&rsquo;article depuis sa source.<\/a><\/p>\n","protected":false},"excerpt":{"rendered":"<p>La coop\u00e9ration maroco-britannique est centre des \u00e9changes entre les deux pays. En effet, le Maroc et le Royaume-Uni ont r\u00e9it\u00e9r\u00e9 l\u2019importance de d\u00e9finir les priorit\u00e9s d\u2019une feuille de route conjointe pour la p\u00e9riode post-Covid \u00e0 la hauteur du Partenariat Strat\u00e9gique voulu entre les deux pays. Lors d\u2019un entretien par visioconf\u00e9rence entre le ministre des Affaires [&hellip;]<\/p>\n","protected":false},"author":1759,"featured_media":0,"comment_status":"closed","ping_status":"closed","sticky":false,"template":"","format":"standard","meta":{"fifu_image_url":"http:\/\/aujourdhui.ma\/wp-content\/uploads\/2019\/05\/drapeau-maroc-royaume-uni.jpg","fifu_image_alt":"Partenariat: Le Royaume-Uni int\u00e9ress\u00e9 par une coop\u00e9ration triangulaire avec le Maroc et l\u2019Afrique","footnotes":""},"categories":[73,54],"tags":[],"class_list":["post-117583","post","type-post","status-publish","format-standard","hentry","category-actualite","category-maroc"],"_links":{"self":[{"href":"https:\/\/linitiative.ca\/International\/wp-json\/wp\/v2\/posts\/117583","targetHints":{"allow":["GET"]}}],"collection":[{"href":"https:\/\/linitiative.ca\/International\/wp-json\/wp\/v2\/posts"}],"about":[{"href":"https:\/\/linitiative.ca\/International\/wp-json\/wp\/v2\/types\/post"}],"author":[{"embeddable":true,"href":"https:\/\/linitiative.ca\/International\/wp-json\/wp\/v2\/users\/1759"}],"replies":[{"embeddable":true,"href":"https:\/\/linitiative.ca\/International\/wp-json\/wp\/v2\/comments?post=117583"}],"version-history":[{"count":0,"href":"https:\/\/linitiative.ca\/International\/wp-json\/wp\/v2\/posts\/117583\/revisions"}],"wp:attachment":[{"href":"https:\/\/linitiative.ca\/International\/wp-json\/wp\/v2\/media?parent=117583"}],"wp:term":[{"taxonomy":"category","embeddable":true,"href":"https:\/\/linitiative.ca\/International\/wp-json\/wp\/v2\/categories?post=117583"},{"taxonomy":"post_tag","embeddable":true,"href":"https:\/\/linitiative.ca\/International\/wp-json\/wp\/v2\/tags?post=117583"}],"curies":[{"name":"wp","href":"https:\/\/api.w.org\/{rel}","templated":true}]}}