{"id":117585,"date":"2021-05-29T11:00:07","date_gmt":"2021-05-29T15:00:07","guid":{"rendered":"https:\/\/linitiative.ca\/International\/zaio-une-mere-de-famille-etoffe-a-mort-son-epoux\/"},"modified":"2021-05-29T11:00:07","modified_gmt":"2021-05-29T15:00:07","slug":"zaio-une-mere-de-famille-etoffe-a-mort-son-epoux","status":"publish","type":"post","link":"https:\/\/linitiative.ca\/International\/zaio-une-mere-de-famille-etoffe-a-mort-son-epoux\/","title":{"rendered":"Za\u00efo : Une m\u00e8re de famille \u00e9toffe \u00e0 mort son \u00e9poux"},"content":{"rendered":"<header>\n<\/header>\n<div class=\"entry-content clearfix\" readability=\"51\">\n<figure class=\"post-thumbnail\" itemprop=\"associatedMedia\" itemscope=\"itemscope\" itemtype=\"http:\/\/schema.org\/ImageObject\"><img decoding=\"async\" class=\"post_layout_5_img\" src=\"http:\/\/aujourdhui.ma\/wp-content\/uploads\/2017\/03\/Ambulance-protection-Civile.jpg\" alt=\"Za\u00efo : Une m\u00e8re de famille \u00e9toffe \u00e0 mort son \u00e9poux\"\/><\/figure>\n<p><strong>A Za\u00efo, situ\u00e9e \u00e0 quarante kilom\u00e8tres de Nador sur la route menant \u00e0 Berkane, une m\u00e8re de famille a mis fin \u00e0 la vie de son \u00e9poux, fonctionnaire en retraite, en l\u2019\u00e9touffant avec son foulard.<\/strong><span id=\"more-377582\"\/> Elle a \u00e9t\u00e9 traduite, mercredi 26 mai, devant le parquet g\u00e9n\u00e9ral pr\u00e8s la Cour d\u2019appel de Nador qui l\u2019a maintenue en d\u00e9tention pr\u00e9ventive.<\/p>\n<p>A peine rentr\u00e9e chez elle ce matin du dimanche 23 mai apr\u00e8s avoir fait ses courses au march\u00e9, cette m\u00e8re de trois enfants pousse un cri strident. Bref, elle vient de \u00abd\u00e9couvrir\u00bb le corps de son mari sans vie. La rejoignant, les membres de sa belle-famille remarquent des \u00e9gratignures au niveau du cou du d\u00e9funt. Ce qui leur met la puce \u00e0 l\u2019oreille surtout qu\u2019il y avait eu des conflits entre les deux \u00e9poux. Alert\u00e9s, les \u00e9l\u00e9ments de la police judiciaire l\u2019interpellent et la soumettent \u00e0 un interrogatoire serr\u00e9. Se disculpant au d\u00e9part, elle finit par cracher le morceau.<\/p>\n<\/div>\n<p>Auteur: Abderrafii ALOUMLIKI<br \/>\n<a href=\"https:\/\/aujourdhui.ma\/faits-divers\/zaio-une-mere-de-famille-etoffe-a-mort-son-epoux\">Cliquez ici pour lire l&rsquo;article depuis sa source.<\/a><\/p>\n","protected":false},"excerpt":{"rendered":"<p>A Za\u00efo, situ\u00e9e \u00e0 quarante kilom\u00e8tres de Nador sur la route menant \u00e0 Berkane, une m\u00e8re de famille a mis fin \u00e0 la vie de son \u00e9poux, fonctionnaire en retraite, en l\u2019\u00e9touffant avec son foulard. Elle a \u00e9t\u00e9 traduite, mercredi 26 mai, devant le parquet g\u00e9n\u00e9ral pr\u00e8s la Cour d\u2019appel de Nador qui l\u2019a maintenue [&hellip;]<\/p>\n","protected":false},"author":1759,"featured_media":0,"comment_status":"closed","ping_status":"closed","sticky":false,"template":"","format":"standard","meta":{"fifu_image_url":"http:\/\/aujourdhui.ma\/wp-content\/uploads\/2017\/03\/Ambulance-protection-Civile.jpg","fifu_image_alt":"Za\u00efo : Une m\u00e8re de famille \u00e9toffe \u00e0 mort son \u00e9poux","footnotes":""},"categories":[73,54],"tags":[],"class_list":["post-117585","post","type-post","status-publish","format-standard","hentry","category-actualite","category-maroc"],"_links":{"self":[{"href":"https:\/\/linitiative.ca\/International\/wp-json\/wp\/v2\/posts\/117585","targetHints":{"allow":["GET"]}}],"collection":[{"href":"https:\/\/linitiative.ca\/International\/wp-json\/wp\/v2\/posts"}],"about":[{"href":"https:\/\/linitiative.ca\/International\/wp-json\/wp\/v2\/types\/post"}],"author":[{"embeddable":true,"href":"https:\/\/linitiative.ca\/International\/wp-json\/wp\/v2\/users\/1759"}],"replies":[{"embeddable":true,"href":"https:\/\/linitiative.ca\/International\/wp-json\/wp\/v2\/comments?post=117585"}],"version-history":[{"count":0,"href":"https:\/\/linitiative.ca\/International\/wp-json\/wp\/v2\/posts\/117585\/revisions"}],"wp:attachment":[{"href":"https:\/\/linitiative.ca\/International\/wp-json\/wp\/v2\/media?parent=117585"}],"wp:term":[{"taxonomy":"category","embeddable":true,"href":"https:\/\/linitiative.ca\/International\/wp-json\/wp\/v2\/categories?post=117585"},{"taxonomy":"post_tag","embeddable":true,"href":"https:\/\/linitiative.ca\/International\/wp-json\/wp\/v2\/tags?post=117585"}],"curies":[{"name":"wp","href":"https:\/\/api.w.org\/{rel}","templated":true}]}}