{"id":117590,"date":"2021-05-29T04:52:25","date_gmt":"2021-05-29T08:52:25","guid":{"rendered":"https:\/\/linitiative.ca\/International\/traiteurs-covid-19-la-fmt-et-la-fcmcis-sassocient\/"},"modified":"2021-05-29T04:52:25","modified_gmt":"2021-05-29T08:52:25","slug":"traiteurs-covid-19-la-fmt-et-la-fcmcis-sassocient","status":"publish","type":"post","link":"https:\/\/linitiative.ca\/International\/traiteurs-covid-19-la-fmt-et-la-fcmcis-sassocient\/","title":{"rendered":"Traiteurs\/Covid-19: la FMT et la FCMCIS s\u2019associent"},"content":{"rendered":"<div class=\"single-featured\"><img alt=\"\" data-src=\"http:\/\/www.mapmarrakech.ma\/map\/uploads\/2021\/05\/accord-.jpg\"\/><\/div>\n<div class=\"single-post-excerpt post-excerpt-bc\" readability=\"40\">\n<p>La F\u00e9d\u00e9ration marocaine des Traiteurs (FMT) et la F\u00e9d\u00e9ration des Chambres marocaines de commerce, d\u2019industrie et de services (FCMCIS) ont sign\u00e9, r\u00e9cemment, une convention de partenariat pour former, encadrer et accompagner les traiteurs et les professionnels du secteur \u00e0 travers des programmes de long terme et ce, apr\u00e8s la crise li\u00e9e \u00e0 la pand\u00e9mie du nouveau coronavirus (covid-19).<\/p>\n<\/div>\n<div class=\"entry-content clearfix single-post-content\" readability=\"60\">\n<p>Conclue lors d\u2019une r\u00e9union, tenue mercredi dernier entre les membres du bureau ex\u00e9cutif de la FMT sous la pr\u00e9sidence de M. Mohamed Rahal Essoulami et le pr\u00e9sident de la FCMCIS, M. Omar Moro, cette convention s\u2019inscrit dans le cadre de la mise en \u0153uvre les programmes de la FMT visant \u00e0 mettre \u00e0 niveau et r\u00e9glementer le secteur, en particulier apr\u00e8s la crise asphyxiante li\u00e9e au covid-19, laquelle a permis de relever des dysfonctionnements de taille, indique un communiqu\u00e9 de la FMT.<\/p>\n<p>Cette rencontre a \u00e9t\u00e9 aussi l\u2019occasion pour les deux parties de discuter de plusieurs sujets en lien avec une s\u00e9rie de revendications consistant en la fixation de la date de la reprise de l\u2019activit\u00e9, l\u2019acc\u00e9l\u00e9ration du versement des indemnit\u00e9s au profit des salari\u00e9s du secteur, l\u2019instauration de financements exceptionnels pour couvrir les charges li\u00e9es \u00e0 la reprise, outre l\u2019exon\u00e9ration fiscale pour les exercices 2020\/2021, fait savoir la m\u00eame source.<\/p>\n<p>A cette occasion, M. Moro, cit\u00e9 par le communiqu\u00e9, a r\u00e9affirm\u00e9 l\u2019engagement de la FCMCIS \u00e0 poursuivre la collaboration avec la FMT pour d\u00e9passer cette crise, ainsi que la coordination avec l\u2019ensemble des services ext\u00e9rieurs et d\u00e9partements minist\u00e9riels concern\u00e9s afin d\u2019att\u00e9nuer les r\u00e9percussions \u00e9conomiques et sociales de la pand\u00e9mie et ce, dans l\u2019espoir de mettre en oeuvre les dispositions de ladite convention dans les plus brefs d\u00e9lais.<\/p>\n<\/div>\n<p>Auteur: Meriem IGASS<br \/>\n<a href=\"http:\/\/www.mapmarrakech.ma\/fr\/traiteurs-covid-19-la-fmt-et-la-fcmcis-sassocient\/\">Cliquez ici pour lire l&rsquo;article depuis sa source.<\/a><\/p>\n","protected":false},"excerpt":{"rendered":"<p>La F\u00e9d\u00e9ration marocaine des Traiteurs (FMT) et la F\u00e9d\u00e9ration des Chambres marocaines de commerce, d\u2019industrie et de services (FCMCIS) ont sign\u00e9, r\u00e9cemment, une convention de partenariat pour former, encadrer et accompagner les traiteurs et les professionnels du secteur \u00e0 travers des programmes de long terme et ce, apr\u00e8s la crise li\u00e9e \u00e0 la pand\u00e9mie du [&hellip;]<\/p>\n","protected":false},"author":1788,"featured_media":0,"comment_status":"closed","ping_status":"closed","sticky":false,"template":"","format":"standard","meta":{"fifu_image_url":"http:\/\/www.mapmarrakech.ma\/map\/uploads\/2021\/05\/accord-.jpg","fifu_image_alt":"Traiteurs\/Covid-19: la FMT et la FCMCIS s\u2019associent","footnotes":""},"categories":[54,76],"tags":[],"class_list":["post-117590","post","type-post","status-publish","format-standard","hentry","category-maroc","category-regions"],"_links":{"self":[{"href":"https:\/\/linitiative.ca\/International\/wp-json\/wp\/v2\/posts\/117590","targetHints":{"allow":["GET"]}}],"collection":[{"href":"https:\/\/linitiative.ca\/International\/wp-json\/wp\/v2\/posts"}],"about":[{"href":"https:\/\/linitiative.ca\/International\/wp-json\/wp\/v2\/types\/post"}],"author":[{"embeddable":true,"href":"https:\/\/linitiative.ca\/International\/wp-json\/wp\/v2\/users\/1788"}],"replies":[{"embeddable":true,"href":"https:\/\/linitiative.ca\/International\/wp-json\/wp\/v2\/comments?post=117590"}],"version-history":[{"count":0,"href":"https:\/\/linitiative.ca\/International\/wp-json\/wp\/v2\/posts\/117590\/revisions"}],"wp:attachment":[{"href":"https:\/\/linitiative.ca\/International\/wp-json\/wp\/v2\/media?parent=117590"}],"wp:term":[{"taxonomy":"category","embeddable":true,"href":"https:\/\/linitiative.ca\/International\/wp-json\/wp\/v2\/categories?post=117590"},{"taxonomy":"post_tag","embeddable":true,"href":"https:\/\/linitiative.ca\/International\/wp-json\/wp\/v2\/tags?post=117590"}],"curies":[{"name":"wp","href":"https:\/\/api.w.org\/{rel}","templated":true}]}}