{"id":117591,"date":"2021-05-29T07:05:20","date_gmt":"2021-05-29T11:05:20","guid":{"rendered":"https:\/\/linitiative.ca\/International\/le-cpdh-tient-sa-2eme-reunion-au-titre-de-lannee-2021\/"},"modified":"2021-05-29T07:05:20","modified_gmt":"2021-05-29T11:05:20","slug":"le-cpdh-tient-sa-2eme-reunion-au-titre-de-lannee-2021","status":"publish","type":"post","link":"https:\/\/linitiative.ca\/International\/le-cpdh-tient-sa-2eme-reunion-au-titre-de-lannee-2021\/","title":{"rendered":"Le CPDH tient sa 2\u00e8me r\u00e9union au titre de l\u2019ann\u00e9e 2021"},"content":{"rendered":"<div readability=\"35\">\n<p>Essaouira \u2013 Le Comit\u00e9 Provincial du D\u00e9veloppement Humain (CPDH) d\u2019Essaouira a tenu, vendredi au si\u00e8ge de la pr\u00e9fecture, sa deuxi\u00e8me r\u00e9union au titre de l\u2019ann\u00e9e 2021.<\/p>\n<\/div>\n<div readability=\"137\">\n<p>Intervenant \u00e0 l\u2019ouverture de cette r\u00e9union, qui s\u2019est d\u00e9roul\u00e9e en pr\u00e9sence des membres dudit Comit\u00e9, des agents d\u2019autorit\u00e9 et des acteurs concern\u00e9s, le gouverneur de la province d\u2019Essaouira, M. Adil El Maliki a mis en exergue la grande port\u00e9e des programmes de l\u2019Initiative Nationale pour le D\u00e9veloppement Humain (INDH), avec un focus sur l\u2019int\u00e9r\u00eat particulier accord\u00e9 au d\u00e9veloppement humain dans le cadre de la troisi\u00e8me phase de ce chantier Royal.<\/p>\n<p>Dans son mot d\u2019orientation, le gouverneur a pr\u00e9cis\u00e9 qu\u2019une enveloppe de plus de 330 millions de DH a \u00e9t\u00e9 consacr\u00e9e au financement des diff\u00e9rents programmes de l\u2019INDH \u00e0 l\u2019\u00e9chelle de la province d\u2019Essaouira au cours des trois prochaines ann\u00e9es, tout en insistant sur l\u2019efficacit\u00e9, l\u2019efficience et l\u2019intelligence collective pour atteindre les objectifs escompt\u00e9s.<\/p>\n<p>D\u2019o\u00f9, a-t-il encha\u00een\u00e9, l\u2019importance du choix et de la s\u00e9lectivit\u00e9 des projets, ainsi que l\u2019imp\u00e9ratif d\u2019\u00e9tablir un v\u00e9ritable diagnostic pour identifier les d\u00e9ficits, l\u2019objectif ultime \u00e9tant de mettre en place un programme efficient de d\u00e9veloppement au profit des citoyens.<\/p>\n<p>Il s\u2019est, par ailleurs, f\u00e9licit\u00e9 des efforts constants et des actions s\u00e9rieuses et inlassables men\u00e9s par les diff\u00e9rents acteurs et parties concern\u00e9s par ce chantier social d\u2019envergure.<\/p>\n<p>Par la suite, le chef de la Division de l\u2019Action Sociale (DAS), Abdessamad Khairi, a pr\u00e9sent\u00e9 un expos\u00e9 exhaustif ax\u00e9 notamment, sur l\u2019examen et l\u2019adoption de l\u2019amendement du r\u00e8glement int\u00e9rieur du CPDH et des Comit\u00e9s Locaux du D\u00e9veloppement Humain (CLDH), de l\u2019enveloppe budg\u00e9taire allou\u00e9e aux programmes de l\u2019INDH pour la p\u00e9riode 2021-2023, des propositions des CLDH inh\u00e9rentes aux programmes d\u2019accompagnement des personnes en situation de pr\u00e9carit\u00e9, d\u2019am\u00e9lioration du revenu et d\u2019inclusion \u00e9conomique des jeunes et d\u2019impulsion du capital humain des g\u00e9n\u00e9rations montantes, des suggestions du Comit\u00e9 Provincial du D\u00e9veloppement Economique (CPDE) et de l\u2019actualisation du programme pluriannuel 2022-2023.<\/p>\n<p>Ainsi, 7 projets, d\u2019une valeur globale de 3.300.000 DH, ont \u00e9t\u00e9 approuv\u00e9s dans le cadre du programme d\u2019accompagnement des personnes en situation de pr\u00e9carit\u00e9, alors que pour ce qui est du programme d\u2019am\u00e9lioration du revenu et d\u2019inclusion \u00e9conomique des jeunes, 36 projets ont \u00e9t\u00e9 retenus, dont cinq concernent la valorisation des fili\u00e8res de production pour un co\u00fbt total estim\u00e9 \u00e0 4.300.000 DH, et 31 portent sur l\u2019accompagnement des porteurs de projets.<\/p>\n<p>S\u2019agissant du programme d\u2019impulsion du capital humain des g\u00e9n\u00e9rations montantes, 17 projets d\u2019un investissement global de 12.620.000 DH ont \u00e9t\u00e9 valid\u00e9s au titre de l\u2019ann\u00e9e en cours.<\/p>\n<p>Concernant le programme de r\u00e9duction des disparit\u00e9s territoriales et sociales en milieu rural dans la province d\u2019Essaouira, un total de 26 projets d\u2019une valeur de 67.500.000 DH, ont \u00e9t\u00e9 approuv\u00e9s, b\u00e9n\u00e9ficiant \u00e0 39.252 personnes, rappelle-t-on.<\/p>\n<p>Cette r\u00e9union a \u00e9t\u00e9 ponctu\u00e9e de t\u00e9moignages de jeunes porteurs de projets b\u00e9n\u00e9ficiaires du programme d\u2019am\u00e9lioration du revenu et d\u2019inclusion \u00e9conomique des jeunes.<\/p>\n<p>Dans le domaine de l\u2019enseignement pr\u00e9scolaire, il a \u00e9t\u00e9 soulign\u00e9, lors de cette r\u00e9union du CPDH, que 135 unit\u00e9s ont \u00e9t\u00e9 programm\u00e9es en 2021, dont b\u00e9n\u00e9ficieront 3.020 enfants et permettront de cr\u00e9er 135 postes d\u2019emploi, sachant que l\u2019enseignement pr\u00e9scolaire contribuera ainsi \u00e0 la cr\u00e9ation de 257 emplois dans la province.<\/p>\n<p>Au terme de cette r\u00e9union, il a \u00e9t\u00e9 proc\u00e9d\u00e9 \u00e0 la signature de trois conventions : la premi\u00e8re, conclue entre la Pr\u00e9fecture de la province, la Direction provinciale de l\u2019Agriculture (DPA), l\u2019Agence Nationale pour le D\u00e9veloppement des Zones Oasiennes et de l\u2019Arganier (ANDZOA), la F\u00e9d\u00e9ration Interprofessionnelle Marocaine de la Fili\u00e8re de l\u2019Argan (FIMARGANE), l\u2019Union \u00ab\u00a0Mathya\u00a0\u00bb pour la production et la valorisation des produits agricoles et le Groupement d\u2019Int\u00e9r\u00eat Economique \u00ab\u00a0Vitargan\u00a0\u00bb, porte sur l\u2019appui de la fili\u00e8re de l\u2019arganier.<\/p>\n<p>La deuxi\u00e8me, sign\u00e9e entre la pr\u00e9fecture de la province, la D\u00e9l\u00e9gation provinciale du Tourisme, le Conseil provincial du Tourisme (CPT) et l\u2019Association des Enseignants des Sciences de la Vie et de la Terre (AESVT), vise le soutien de l\u2019\u00e9cotourisme \u00e0 l\u2019\u00e9chelle de la province.<\/p>\n<p>La troisi\u00e8me convention relative \u00e0 l\u2019acquisition et \u00e0 la gestion des v\u00e9hicules de transport scolaire a \u00e9t\u00e9 conclue entre la Pr\u00e9fecture de la province, la DPA, l\u2019ANDZOA et la Direction provinciale de l\u2019\u00e9ducation nationale.<\/p>\n<\/div>\n<p>Auteur: Meriem IGASS<br \/>\n<a href=\"http:\/\/www.mapmarrakech.ma\/fr\/le-cpdh-tient-sa-2eme-reunion-au-titre-de-lannee-2021\/\">Cliquez ici pour lire l&rsquo;article depuis sa source.<\/a><\/p>\n","protected":false},"excerpt":{"rendered":"<p>Essaouira \u2013 Le Comit\u00e9 Provincial du D\u00e9veloppement Humain (CPDH) d\u2019Essaouira a tenu, vendredi au si\u00e8ge de la pr\u00e9fecture, sa deuxi\u00e8me r\u00e9union au titre de l\u2019ann\u00e9e 2021. Intervenant \u00e0 l\u2019ouverture de cette r\u00e9union, qui s\u2019est d\u00e9roul\u00e9e en pr\u00e9sence des membres dudit Comit\u00e9, des agents d\u2019autorit\u00e9 et des acteurs concern\u00e9s, le gouverneur de la province d\u2019Essaouira, M. [&hellip;]<\/p>\n","protected":false},"author":1788,"featured_media":0,"comment_status":"closed","ping_status":"closed","sticky":false,"template":"","format":"standard","meta":{"fifu_image_url":"","fifu_image_alt":"","footnotes":""},"categories":[54,76],"tags":[],"class_list":["post-117591","post","type-post","status-publish","format-standard","hentry","category-maroc","category-regions"],"_links":{"self":[{"href":"https:\/\/linitiative.ca\/International\/wp-json\/wp\/v2\/posts\/117591","targetHints":{"allow":["GET"]}}],"collection":[{"href":"https:\/\/linitiative.ca\/International\/wp-json\/wp\/v2\/posts"}],"about":[{"href":"https:\/\/linitiative.ca\/International\/wp-json\/wp\/v2\/types\/post"}],"author":[{"embeddable":true,"href":"https:\/\/linitiative.ca\/International\/wp-json\/wp\/v2\/users\/1788"}],"replies":[{"embeddable":true,"href":"https:\/\/linitiative.ca\/International\/wp-json\/wp\/v2\/comments?post=117591"}],"version-history":[{"count":0,"href":"https:\/\/linitiative.ca\/International\/wp-json\/wp\/v2\/posts\/117591\/revisions"}],"wp:attachment":[{"href":"https:\/\/linitiative.ca\/International\/wp-json\/wp\/v2\/media?parent=117591"}],"wp:term":[{"taxonomy":"category","embeddable":true,"href":"https:\/\/linitiative.ca\/International\/wp-json\/wp\/v2\/categories?post=117591"},{"taxonomy":"post_tag","embeddable":true,"href":"https:\/\/linitiative.ca\/International\/wp-json\/wp\/v2\/tags?post=117591"}],"curies":[{"name":"wp","href":"https:\/\/api.w.org\/{rel}","templated":true}]}}