{"id":117592,"date":"2021-05-29T08:36:35","date_gmt":"2021-05-29T12:36:35","guid":{"rendered":"https:\/\/linitiative.ca\/International\/lancement-dun-portail-relatif-au-suivi-du-programme-gouvernemental\/"},"modified":"2021-05-29T08:36:35","modified_gmt":"2021-05-29T12:36:35","slug":"lancement-dun-portail-relatif-au-suivi-du-programme-gouvernemental","status":"publish","type":"post","link":"https:\/\/linitiative.ca\/International\/lancement-dun-portail-relatif-au-suivi-du-programme-gouvernemental\/","title":{"rendered":"Lancement d\u2019un portail relatif au suivi du programme gouvernemental"},"content":{"rendered":"<div readability=\"33\">\n<p>Un portail \u00ab\u00a0barnamaj.cg.gov.ma\u00a0\u00bb d\u00e9di\u00e9 au suivi du programme gouvernemental vient d\u2019\u00eatre mis en ligne par le d\u00e9partement du Chef du gouvernement.<\/p>\n<\/div>\n<div readability=\"82\">\n<p>Fruit d\u2019un travail men\u00e9 sur trois ann\u00e9es, en concertation et partenariat avec l\u2019ensemble des d\u00e9partements minist\u00e9riels et des partenaires, ce portail ambitionne de renforcer les principes de transparence et de reddition des comptes, en mati\u00e8re de suivi de l\u2019action gouvernementale, indique un communiqu\u00e9 du d\u00e9partement du chef du gouvernement.<\/p>\n<p>Ce portail, ajoute la m\u00eame source, a \u00e9t\u00e9 \u00e9labor\u00e9 dans le sillage de la d\u00e9marche de suivi du programme gouvernemental adopt\u00e9 le 25 avril 2017, dont les modalit\u00e9s de mise en \u0153uvre ont \u00e9t\u00e9 pr\u00e9cis\u00e9es dans la circulaire du Chef du gouvernement diffus\u00e9e en ao\u00fbt 2017.<\/p>\n<p>Il permet ainsi un suivi de l\u2019ensemble des engagements pris par le gouvernement dans le cadre de son programme, chaque engagement \u00e9tant formalis\u00e9 en mesure sp\u00e9cifique (581 mesures), poursuit le texte.<\/p>\n<p>Premier du genre au Maroc, ce portail, est dot\u00e9 d\u2019une interface didactique, d\u2019un moteur de recherche et d\u2019une classification th\u00e9matique, qui permettent aux citoyens et \u00e0 toute personne int\u00e9ress\u00e9e par la chose publique, d\u2019acc\u00e9der en toute facilit\u00e9 \u00e0 l\u2019\u00e9tat d\u2019avancement des diff\u00e9rentes mesures du programme gouvernemental, rel\u00e8ve-t-on, ajoutant qu\u2019il pr\u00e9sente \u00e9galement dans le d\u00e9tail la d\u00e9marche adopt\u00e9e pour le suivi du programme gouvernemental, l\u2019ensemble des rapports p\u00e9riodiques produits r\u00e9guli\u00e8rement par le gouvernement concernant le bilan de son action, ainsi que diverses ressources li\u00e9es aux indicateurs nationaux socio-\u00e9conomiques.<\/p>\n<p>Il s\u2019inscrit dans l\u2019institutionnalisation d\u2019une approche nouvelle en termes de transparence et de reddition des comptes, permettant \u00e0 l\u2019opinion publique de suivre, de mani\u00e8re d\u00e9taill\u00e9e et permanente, l\u2019avancement du Gouvernement dans la mise en \u0153uvre de ses engagements.<\/p>\n<p>L\u2019actualisation r\u00e9guli\u00e8re de cette plateforme est effectu\u00e9e sur la base des donn\u00e9es directement mises \u00e0 disposition par les d\u00e9partements minist\u00e9riels.<\/p>\n<p>Cette r\u00e9alisation fait partie d\u2019une panoplie de moyens et de supports de communication adopt\u00e9s par le gouvernement, concr\u00e9tisant son attachement \u00e0 la clart\u00e9 et \u00e0 la transparence concernant le bilan de son action collective et la mise en \u0153uvre de son programme, conclut le communiqu\u00e9.<\/p>\n<\/div>\n<p>Auteur: Meriem IGASS<br \/>\n<a href=\"http:\/\/www.mapmarrakech.ma\/fr\/lancement-dun-portail-relatif-au-suivi-du-programme-gouvernemental\/\">Cliquez ici pour lire l&rsquo;article depuis sa source.<\/a><\/p>\n","protected":false},"excerpt":{"rendered":"<p>Un portail \u00ab\u00a0barnamaj.cg.gov.ma\u00a0\u00bb d\u00e9di\u00e9 au suivi du programme gouvernemental vient d\u2019\u00eatre mis en ligne par le d\u00e9partement du Chef du gouvernement. Fruit d\u2019un travail men\u00e9 sur trois ann\u00e9es, en concertation et partenariat avec l\u2019ensemble des d\u00e9partements minist\u00e9riels et des partenaires, ce portail ambitionne de renforcer les principes de transparence et de reddition des comptes, en [&hellip;]<\/p>\n","protected":false},"author":1788,"featured_media":0,"comment_status":"closed","ping_status":"closed","sticky":false,"template":"","format":"standard","meta":{"fifu_image_url":"","fifu_image_alt":"","footnotes":""},"categories":[54,76],"tags":[],"class_list":["post-117592","post","type-post","status-publish","format-standard","hentry","category-maroc","category-regions"],"_links":{"self":[{"href":"https:\/\/linitiative.ca\/International\/wp-json\/wp\/v2\/posts\/117592","targetHints":{"allow":["GET"]}}],"collection":[{"href":"https:\/\/linitiative.ca\/International\/wp-json\/wp\/v2\/posts"}],"about":[{"href":"https:\/\/linitiative.ca\/International\/wp-json\/wp\/v2\/types\/post"}],"author":[{"embeddable":true,"href":"https:\/\/linitiative.ca\/International\/wp-json\/wp\/v2\/users\/1788"}],"replies":[{"embeddable":true,"href":"https:\/\/linitiative.ca\/International\/wp-json\/wp\/v2\/comments?post=117592"}],"version-history":[{"count":0,"href":"https:\/\/linitiative.ca\/International\/wp-json\/wp\/v2\/posts\/117592\/revisions"}],"wp:attachment":[{"href":"https:\/\/linitiative.ca\/International\/wp-json\/wp\/v2\/media?parent=117592"}],"wp:term":[{"taxonomy":"category","embeddable":true,"href":"https:\/\/linitiative.ca\/International\/wp-json\/wp\/v2\/categories?post=117592"},{"taxonomy":"post_tag","embeddable":true,"href":"https:\/\/linitiative.ca\/International\/wp-json\/wp\/v2\/tags?post=117592"}],"curies":[{"name":"wp","href":"https:\/\/api.w.org\/{rel}","templated":true}]}}