{"id":117594,"date":"2021-05-29T07:32:19","date_gmt":"2021-05-29T11:32:19","guid":{"rendered":"https:\/\/linitiative.ca\/International\/une-premiere-le-maroc-preside-le-forum-international-des-transports\/"},"modified":"2021-05-29T07:32:19","modified_gmt":"2021-05-29T11:32:19","slug":"une-premiere-le-maroc-preside-le-forum-international-des-transports","status":"publish","type":"post","link":"https:\/\/linitiative.ca\/International\/une-premiere-le-maroc-preside-le-forum-international-des-transports\/","title":{"rendered":"Une premi\u00e8re, le Maroc pr\u00e9side le Forum international des transports"},"content":{"rendered":"<p class=\"rtejustify\">Le Maroc a succ\u00e9d\u00e9, vendredi, \u00e0 l&rsquo;Irlande \u00e0 la pr\u00e9sidence du Forum international des transports (FIT) pour le mandat 2021-2022, devenant le premier pays arabe et africain \u00e0 acc\u00e9der \u00e0 cette position, s\u2019est r\u00e9joui le ministre de l\u2019Equipement, du Transport, de la Logistique et de l\u2019Eau, Abdelkader Amara.<\/p>\n<p class=\"rtejustify\">Le Maroc va \u0153uvrer, au cours de sa pr\u00e9sidence, \u00e0 inscrire les questions int\u00e9ressant l\u2019Afrique dans ce domaine en t\u00eate de l\u2019agenda et des d\u00e9cisions du FIT, a affirm\u00e9 \u00e0 la MAP M. Amara, au terme de sa participation \u00e0 la cl\u00f4ture des travaux du Sommet du Forum, tenu du 17 au 28 mai exceptionnellement en format virtuel. Au cours de son intervention \u00e0 la session minist\u00e9rielle, tenue jeudi \u00e0 huit clos, le ministre a exprim\u00e9 l\u2019honneur du Royaume d\u2019assurer la pr\u00e9sidence du FIT, ce qui constitue \u00ab\u00a0un message d\u2019ouverture d\u2019une grande symbolique qui refl\u00e8te la dynamique que le FIT a enclench\u00e9e ces derni\u00e8res ann\u00e9es\u00a0\u00bb.<\/p>\n<p class=\"rtejustify\">\u00a0Dans ce sens, Le Maroc \u0153uvrera \u00e0 sensibiliser d\u2019autres pays africains aux opportunit\u00e9s qui s\u2019offriront \u00e0 eux en rejoignant le Forum, lui permettant ainsi d\u2019\u00eatre plus inclusif envers le continent africain, qui ambitionne d\u2019am\u00e9liorer ses moyens et ses syst\u00e8mes de transport. Enfin, le ministre s\u2019est dit rassur\u00e9 quant \u00e0 la coop\u00e9ration et l\u2019appui de l\u2019ensemble des pays membres afin que le Maroc puisse honorer son engagement \u00e0 la t\u00eate de cette instance, avec l\u2019espoir de tenir le prochain Sommet du FIT, pr\u00e9vu du 18 au 22 mai 2022 \u00e0 Leipzig (Allemagne), dans des conditions habituelles et plus conviviales, comme \u00e0 l\u2019accoutum\u00e9e.<\/p>\n<p class=\"rtejustify\">Il convient de signaler que le Maroc a occup\u00e9 le poste de premier Vice-Pr\u00e9sident du FIT durant le mandat qui vient de se terminer. Les travaux de ce Sommet ont mis la lumi\u00e8re sur les plus importants enseignements et conclusions se rapportant \u00e0 l&rsquo;innovation dans les transports pour un d\u00e9veloppement durable<\/p>\n<p class=\"rtejustify\">. A cette occasion, le Forum a d\u00e9cern\u00e9 le Prix du jeune chercheur, qui vise \u00e0 favoriser des liens plus \u00e9troits entre la politique des transports et la recherche.<\/p>\n<p>Auteur: mbasraoui<br \/>\n<a href=\"https:\/\/www.leconomiste.com\/flash-infos\/une-premiere-le-maroc-preside-le-forum-international-des-transports\">Cliquez ici pour lire l&rsquo;article depuis sa source.<\/a><\/p>\n","protected":false},"excerpt":{"rendered":"<p>Le Maroc a succ\u00e9d\u00e9, vendredi, \u00e0 l&rsquo;Irlande \u00e0 la pr\u00e9sidence du Forum international des transports (FIT) pour le mandat 2021-2022, devenant le premier pays arabe et africain \u00e0 acc\u00e9der \u00e0 cette position, s\u2019est r\u00e9joui le ministre de l\u2019Equipement, du Transport, de la Logistique et de l\u2019Eau, Abdelkader Amara. Le Maroc va \u0153uvrer, au cours de [&hellip;]<\/p>\n","protected":false},"author":1763,"featured_media":0,"comment_status":"closed","ping_status":"closed","sticky":false,"template":"","format":"standard","meta":{"fifu_image_url":"","fifu_image_alt":"","footnotes":""},"categories":[78,54],"tags":[],"class_list":["post-117594","post","type-post","status-publish","format-standard","hentry","category-economie","category-maroc"],"_links":{"self":[{"href":"https:\/\/linitiative.ca\/International\/wp-json\/wp\/v2\/posts\/117594","targetHints":{"allow":["GET"]}}],"collection":[{"href":"https:\/\/linitiative.ca\/International\/wp-json\/wp\/v2\/posts"}],"about":[{"href":"https:\/\/linitiative.ca\/International\/wp-json\/wp\/v2\/types\/post"}],"author":[{"embeddable":true,"href":"https:\/\/linitiative.ca\/International\/wp-json\/wp\/v2\/users\/1763"}],"replies":[{"embeddable":true,"href":"https:\/\/linitiative.ca\/International\/wp-json\/wp\/v2\/comments?post=117594"}],"version-history":[{"count":0,"href":"https:\/\/linitiative.ca\/International\/wp-json\/wp\/v2\/posts\/117594\/revisions"}],"wp:attachment":[{"href":"https:\/\/linitiative.ca\/International\/wp-json\/wp\/v2\/media?parent=117594"}],"wp:term":[{"taxonomy":"category","embeddable":true,"href":"https:\/\/linitiative.ca\/International\/wp-json\/wp\/v2\/categories?post=117594"},{"taxonomy":"post_tag","embeddable":true,"href":"https:\/\/linitiative.ca\/International\/wp-json\/wp\/v2\/tags?post=117594"}],"curies":[{"name":"wp","href":"https:\/\/api.w.org\/{rel}","templated":true}]}}