{"id":117595,"date":"2021-05-29T11:36:56","date_gmt":"2021-05-29T15:36:56","guid":{"rendered":"https:\/\/linitiative.ca\/International\/fes-demantelement-des-cartels-de-kerroussa-et-debbah\/"},"modified":"2021-05-29T11:36:56","modified_gmt":"2021-05-29T15:36:56","slug":"fes-demantelement-des-cartels-de-kerroussa-et-debbah","status":"publish","type":"post","link":"https:\/\/linitiative.ca\/International\/fes-demantelement-des-cartels-de-kerroussa-et-debbah\/","title":{"rendered":"F\u00e8s: D\u00e9mant\u00e8lement des cartels de \u00ab\u00a0Kerroussa\u00a0\u00bb et \u00ab\u00a0Debbah\u00a0\u00bb"},"content":{"rendered":"<p>Coup de filet r\u00e9ussi dans la ville de F\u00e8s. Sur la base des informations pr\u00e9cises fournies par les services de la Direction g\u00e9n\u00e9rale de la surveillance du territoire (DGST), la Division r\u00e9gionale de la police judiciaire de la capitale spirituelle vient de mettre fin \u00e0 deux entreprises criminelles qui s\u00e9vissaient depuis plusieurs ann\u00e9es dans diff\u00e9rents quartiers.<\/p>\n<p>Elles faisaient du racketeering, extorsion, escroquerie, vol&#8230;etc. En moins de 10 jours, ces deux cartels qui exploitaient aussi les places de stationnement ainsi qu&rsquo;un march\u00e9 improvis\u00e9 de vente de v\u00e9hicules d&rsquo;occasion ont \u00e9t\u00e9 mis hors \u00e9tat de nuire. Leurs dirigeants, alias \u00ab\u00a0Kerroussa\u00a0\u00bb et \u00ab\u00a0Debbah\u00a0\u00bb, ont \u00e9t\u00e9 appr\u00e9hend\u00e9s dans des op\u00e9rations distinctes. La ville se d\u00e9barrasse enfin de deux \u00ab\u00a0organisations\u00a0\u00bb ayant des ant\u00e9c\u00e9dents judiciaires dans des affaires de vols et de d\u00e9lits li\u00e9s \u00e0 l\u2019utilisation des armes blanches.<\/p>\n<p>A noter que l&rsquo;un d&rsquo;entre eux (Kerroussa) avait \u00e9cop\u00e9 d&rsquo;une peine de 5 ans de prison avec surcis dans une affaire de s\u00e9questration. Un jugement qui avait surpris l&rsquo;opinion publique. Cette fois-ci, l&rsquo;intransigeance sera de vigueur.<\/p>\n<p>En tout cas, le d\u00e9mant\u00e8lement de ce cartel a abouti \u00e0 l&rsquo;arrestation de 16 personnes \u00e2g\u00e9es de 22 \u00e0 44 ans. Soup\u00e7onn\u00e9es de leur association avec un r\u00e9seau criminel actif dans les vols, le trafic de drogue, l\u2019enl\u00e8vement, la contrefa\u00e7on et d\u2019autres crimes&#8230;, ces individus ont \u00e9t\u00e9 pr\u00e9sent\u00e9s ce samedi devant le Parquet. Selon les informations pr\u00e9liminaires de l\u2019enqu\u00eate, la m\u00e9thode criminelle adopt\u00e9e par ce r\u00e9seau a \u00e9t\u00e9 bas\u00e9e sur l\u2019usurpation de l\u2019identit\u00e9 de certains de ses membres en tant que gardiens de voiture pour faire du chantage aux usagers de la route et fournir des donn\u00e9es pour le reste des suspects afin de faciliter le vol de v\u00e9hicules stationn\u00e9s et les maisons, ainsi que la le trafic de drogues et de boissons alcoolis\u00e9es sans autorisation, et la participation dans des op\u00e9rations de kidnapping.<\/p>\n<p>Les proc\u00e9dures de perquisition men\u00e9es au domicile du principal suspect dans une ferme dans les environs de Taounate, ainsi qu\u2019au domicile des autres d\u00e9tenus \u00e0 F\u00e8s, ont abouti \u00e0 la saisie d\u2019outils utilis\u00e9s pour briser les serrures, sept voitures et trois motos, en plus des armes blanches, un pistolet en plastique, des gilets jaunes et une quantit\u00e9 de Chira et des bouteilles de boissons alcoolis\u00e9es. Les suspects ont \u00e9t\u00e9 maintenus sous la mesure de la garde \u00e0 vue, sous la r\u00e9f\u00e9rence des recherches judiciaires qui sont men\u00e9es sous la supervision du Parquet comp\u00e9tent, afin de r\u00e9v\u00e9ler toutes les circonstances de cette affaire.<\/p>\n<p>Le d\u00e9mant\u00e8lement de ce r\u00e9seau criminel s\u2019inscrit dans le cadre de la poursuite des recherches et des enqu\u00eates men\u00e9es, sur les 22 personnes arr\u00eat\u00e9es pr\u00e9c\u00e9demment et d\u00e9f\u00e9r\u00e9es devant le Parquet G\u00e9n\u00e9ral de F\u00e8s, soup\u00e7onn\u00e9es de leur participation \u00e0 des actes criminels similaires dans le cadre de l\u2019activit\u00e9 du m\u00eame r\u00e9seau criminel.<\/p>\n<p><em>Y.S.A<\/em><\/p>\n<p>Auteur: mbasraoui<br \/>\n<a href=\"https:\/\/www.leconomiste.com\/flash-infos\/fes-demantelement-des-cartels-de-kerroussa-et-debbah\">Cliquez ici pour lire l&rsquo;article depuis sa source.<\/a><\/p>\n","protected":false},"excerpt":{"rendered":"<p>Coup de filet r\u00e9ussi dans la ville de F\u00e8s. Sur la base des informations pr\u00e9cises fournies par les services de la Direction g\u00e9n\u00e9rale de la surveillance du territoire (DGST), la Division r\u00e9gionale de la police judiciaire de la capitale spirituelle vient de mettre fin \u00e0 deux entreprises criminelles qui s\u00e9vissaient depuis plusieurs ann\u00e9es dans diff\u00e9rents [&hellip;]<\/p>\n","protected":false},"author":1763,"featured_media":0,"comment_status":"closed","ping_status":"closed","sticky":false,"template":"","format":"standard","meta":{"fifu_image_url":"","fifu_image_alt":"","footnotes":""},"categories":[78,54],"tags":[],"class_list":["post-117595","post","type-post","status-publish","format-standard","hentry","category-economie","category-maroc"],"_links":{"self":[{"href":"https:\/\/linitiative.ca\/International\/wp-json\/wp\/v2\/posts\/117595","targetHints":{"allow":["GET"]}}],"collection":[{"href":"https:\/\/linitiative.ca\/International\/wp-json\/wp\/v2\/posts"}],"about":[{"href":"https:\/\/linitiative.ca\/International\/wp-json\/wp\/v2\/types\/post"}],"author":[{"embeddable":true,"href":"https:\/\/linitiative.ca\/International\/wp-json\/wp\/v2\/users\/1763"}],"replies":[{"embeddable":true,"href":"https:\/\/linitiative.ca\/International\/wp-json\/wp\/v2\/comments?post=117595"}],"version-history":[{"count":0,"href":"https:\/\/linitiative.ca\/International\/wp-json\/wp\/v2\/posts\/117595\/revisions"}],"wp:attachment":[{"href":"https:\/\/linitiative.ca\/International\/wp-json\/wp\/v2\/media?parent=117595"}],"wp:term":[{"taxonomy":"category","embeddable":true,"href":"https:\/\/linitiative.ca\/International\/wp-json\/wp\/v2\/categories?post=117595"},{"taxonomy":"post_tag","embeddable":true,"href":"https:\/\/linitiative.ca\/International\/wp-json\/wp\/v2\/tags?post=117595"}],"curies":[{"name":"wp","href":"https:\/\/api.w.org\/{rel}","templated":true}]}}