{"id":117596,"date":"2021-05-29T11:38:54","date_gmt":"2021-05-29T15:38:54","guid":{"rendered":"https:\/\/linitiative.ca\/International\/covid-19-410-contaminations-en-24h-plus-de-52-millions-de-personnes-completement-vaccinees\/"},"modified":"2021-05-29T11:38:54","modified_gmt":"2021-05-29T15:38:54","slug":"covid-19-410-contaminations-en-24h-plus-de-52-millions-de-personnes-completement-vaccinees","status":"publish","type":"post","link":"https:\/\/linitiative.ca\/International\/covid-19-410-contaminations-en-24h-plus-de-52-millions-de-personnes-completement-vaccinees\/","title":{"rendered":"Covid-19: 410 contaminations en 24H, Plus de 5,2 millions de personnes compl\u00e8tement vaccin\u00e9es"},"content":{"rendered":"<p class=\"rtejustify\">Au total 410 nouveaux cas d&rsquo;infection au nouveau coronavirus et 297 gu\u00e9risons a \u00e9t\u00e9 enregistr\u00e9 au Maroc au cours des derni\u00e8res 24 heures, a indiqu\u00e9 samedi le minist\u00e8re de la Sant\u00e9, soulignant que le nombre de personnes ayant re\u00e7u la premi\u00e8re dose du vaccin a atteint 8.521.177. Les personnes compl\u00e8tement vaccin\u00e9es (1\u00e8re et 2\u00e8me doses) sont au nombre de 5.242.075, a pr\u00e9cis\u00e9 le minist\u00e8re dans son bulletin quotidien sur la situation de la Covid-19.<\/p>\n<p class=\"rtejustify\">Les nouveaux cas d&rsquo;infection portent \u00e0 518.868 le nombre total des contaminations depuis le premier cas signal\u00e9 en mars 2020, tandis que le nombre des personnes r\u00e9tablies s&rsquo;\u00e9l\u00e8ve \u00e0 506.740, soit un taux de gu\u00e9rison de 97,7%. A ce jour, le nombre total des d\u00e9c\u00e8s est pass\u00e9 \u00e0 9.138, apr\u00e8s l&rsquo;enregistrement de 3 nouveaux cas dans les r\u00e9gions de Rabat-Sal\u00e9-Kenitra, Tanger-T\u00e9touan-Al Hoceima et La\u00e2youne-Sakia El Hamra.<\/p>\n<p class=\"rtejustify\">Le taux de l\u00e9talit\u00e9 s&rsquo;est stabilis\u00e9 \u00e0 1,8%. Les nouveaux cas de contamination ont \u00e9t\u00e9 recens\u00e9s dans les r\u00e9gions de Casablanca-Settat (204), Rabat-Sal\u00e9-Kenitra (55), Marrakech-Safi (54), Souss-Massa (30), Tanger-T\u00e9touan-Al Hoceima (20), Dakhla-Oued Eddahab (11), l&rsquo;Oriental (10), Dr\u00e2a-Tafilalet (10), Guelmim-Oued Noun (9), F\u00e8s-Mekn\u00e8s (04), La\u00e2youne-Sakia El Hamra (02) et B\u00e9ni Mellal- Kh\u00e9nifra (01).<\/p>\n<p class=\"rtejustify\">Les cas actifs sont au nombre de 2.990, tandis que les cas s\u00e9v\u00e8res ou critiques ont atteint 221, dont 07 plac\u00e9s sous intubation et 100 sous ventilation non invasive.<\/p>\n<p class=\"rtejustify\">\u00a0<\/p>\n<p>Auteur: mbasraoui<br \/>\n<a href=\"https:\/\/www.leconomiste.com\/flash-infos\/covid-19-410-contaminations-en-24h-plus-de-5-2-millions-de-personnes-completement\">Cliquez ici pour lire l&rsquo;article depuis sa source.<\/a><\/p>\n","protected":false},"excerpt":{"rendered":"<p>Au total 410 nouveaux cas d&rsquo;infection au nouveau coronavirus et 297 gu\u00e9risons a \u00e9t\u00e9 enregistr\u00e9 au Maroc au cours des derni\u00e8res 24 heures, a indiqu\u00e9 samedi le minist\u00e8re de la Sant\u00e9, soulignant que le nombre de personnes ayant re\u00e7u la premi\u00e8re dose du vaccin a atteint 8.521.177. Les personnes compl\u00e8tement vaccin\u00e9es (1\u00e8re et 2\u00e8me doses) [&hellip;]<\/p>\n","protected":false},"author":1763,"featured_media":0,"comment_status":"closed","ping_status":"closed","sticky":false,"template":"","format":"standard","meta":{"fifu_image_url":"","fifu_image_alt":"","footnotes":""},"categories":[78,54],"tags":[],"class_list":["post-117596","post","type-post","status-publish","format-standard","hentry","category-economie","category-maroc"],"_links":{"self":[{"href":"https:\/\/linitiative.ca\/International\/wp-json\/wp\/v2\/posts\/117596","targetHints":{"allow":["GET"]}}],"collection":[{"href":"https:\/\/linitiative.ca\/International\/wp-json\/wp\/v2\/posts"}],"about":[{"href":"https:\/\/linitiative.ca\/International\/wp-json\/wp\/v2\/types\/post"}],"author":[{"embeddable":true,"href":"https:\/\/linitiative.ca\/International\/wp-json\/wp\/v2\/users\/1763"}],"replies":[{"embeddable":true,"href":"https:\/\/linitiative.ca\/International\/wp-json\/wp\/v2\/comments?post=117596"}],"version-history":[{"count":0,"href":"https:\/\/linitiative.ca\/International\/wp-json\/wp\/v2\/posts\/117596\/revisions"}],"wp:attachment":[{"href":"https:\/\/linitiative.ca\/International\/wp-json\/wp\/v2\/media?parent=117596"}],"wp:term":[{"taxonomy":"category","embeddable":true,"href":"https:\/\/linitiative.ca\/International\/wp-json\/wp\/v2\/categories?post=117596"},{"taxonomy":"post_tag","embeddable":true,"href":"https:\/\/linitiative.ca\/International\/wp-json\/wp\/v2\/tags?post=117596"}],"curies":[{"name":"wp","href":"https:\/\/api.w.org\/{rel}","templated":true}]}}