{"id":117597,"date":"2021-05-29T15:14:12","date_gmt":"2021-05-29T19:14:12","guid":{"rendered":"https:\/\/linitiative.ca\/International\/pros-letrange-rumeur-de-la-presse-britannique-sur-mahrez-et-sterling\/"},"modified":"2021-05-29T15:14:12","modified_gmt":"2021-05-29T19:14:12","slug":"pros-letrange-rumeur-de-la-presse-britannique-sur-mahrez-et-sterling","status":"publish","type":"post","link":"https:\/\/linitiative.ca\/International\/pros-letrange-rumeur-de-la-presse-britannique-sur-mahrez-et-sterling\/","title":{"rendered":"Pros : L&rsquo;\u00e9trange rumeur de la presse britannique sur Mahrez et Sterling"},"content":{"rendered":"<div readability=\"32\">\n<p>Auteur : <span class=\"time\">samedi 29 mai 2021 10:35<\/span><\/p>\n<\/div>\n<div id=\"post_core\" readability=\"43\">\n<p>A en croire des informations du Daily Mail ce samedi, Raheem Sterling et Riyad Mahrez feraient partie des joueurs susceptibles de quitter Manchester City pendant le mercato estival 2021 de Premier League. Le premier a notamment perdu sa place dans le onze de d\u00e9part de Pep Guardiola depuis quelques semaines et les dirigeants des Citizens voient l\u2019occasion de faire rentrer de l\u2019argent en vue de d\u00e9penses importantes l\u2019\u00e9t\u00e9 prochain comme l&rsquo;indique Mercatofootanglais.<\/p>\n<p>Riyad Mahrez serait log\u00e9 \u00e0 la m\u00eame enseigne croit savoir le journal britannique qui laisse entendre que les deux joueurs auraient bien \u00e9t\u00e9 plac\u00e9 sur la liste des transferts. Les ventes des deux joueurs pourraient rapport\u00e9s 125 millions d\u2019euros environ. De quoi financer les arriv\u00e9es voulues de Harry Kane et Jack Grealish. Un rumeur qui parait peu probable concernant l&rsquo;international alg\u00e9rien qui est devenu cette saison un \u00e9l\u00e9ment incontournable de l&rsquo;effectif de Pep Guardiola.<\/p>\n<p><strong>Publi\u00e9 dans :<\/strong> <span>Manchester City<\/span><\/p>\n<\/div>\n<p>Auteur:<br \/>\n<a href=\"http:\/\/www.lebuteur.com\/article\/detail?titre=letrange-rumeur-de-la-presse-britannique-sur-mahrez-et-sterling&#038;id=100214&#038;utm_source=feedburner&#038;utm_medium=feed&#038;utm_campaign=Feed%3A+GalerieFArtciles+%28Les+derniers+articles++-+lebuteur.com%29\">Cliquez ici pour lire l&rsquo;article depuis sa source.<\/a><\/p>\n","protected":false},"excerpt":{"rendered":"<p>Auteur : samedi 29 mai 2021 10:35 A en croire des informations du Daily Mail ce samedi, Raheem Sterling et Riyad Mahrez feraient partie des joueurs susceptibles de quitter Manchester City pendant le mercato estival 2021 de Premier League. Le premier a notamment perdu sa place dans le onze de d\u00e9part de Pep Guardiola depuis [&hellip;]<\/p>\n","protected":false},"author":1738,"featured_media":0,"comment_status":"closed","ping_status":"closed","sticky":false,"template":"","format":"standard","meta":{"fifu_image_url":"\/\/cdn.lebuteur.com\/data\/images\/article\/thumbs\/large-letrange-rumeur-de-la-presse-britannique-sur-mahrez-et-sterling-b5b51.jpg","fifu_image_alt":"Pros : L'\u00e9trange rumeur de la presse britannique sur Mahrez et Sterling","footnotes":""},"categories":[53,75],"tags":[],"class_list":["post-117597","post","type-post","status-publish","format-standard","hentry","category-algerie","category-sport"],"_links":{"self":[{"href":"https:\/\/linitiative.ca\/International\/wp-json\/wp\/v2\/posts\/117597","targetHints":{"allow":["GET"]}}],"collection":[{"href":"https:\/\/linitiative.ca\/International\/wp-json\/wp\/v2\/posts"}],"about":[{"href":"https:\/\/linitiative.ca\/International\/wp-json\/wp\/v2\/types\/post"}],"author":[{"embeddable":true,"href":"https:\/\/linitiative.ca\/International\/wp-json\/wp\/v2\/users\/1738"}],"replies":[{"embeddable":true,"href":"https:\/\/linitiative.ca\/International\/wp-json\/wp\/v2\/comments?post=117597"}],"version-history":[{"count":0,"href":"https:\/\/linitiative.ca\/International\/wp-json\/wp\/v2\/posts\/117597\/revisions"}],"wp:attachment":[{"href":"https:\/\/linitiative.ca\/International\/wp-json\/wp\/v2\/media?parent=117597"}],"wp:term":[{"taxonomy":"category","embeddable":true,"href":"https:\/\/linitiative.ca\/International\/wp-json\/wp\/v2\/categories?post=117597"},{"taxonomy":"post_tag","embeddable":true,"href":"https:\/\/linitiative.ca\/International\/wp-json\/wp\/v2\/tags?post=117597"}],"curies":[{"name":"wp","href":"https:\/\/api.w.org\/{rel}","templated":true}]}}