{"id":117598,"date":"2021-05-29T15:14:14","date_gmt":"2021-05-29T19:14:14","guid":{"rendered":"https:\/\/linitiative.ca\/International\/international-ol-le-remplacant-de-rudi-garcia-proche-de-signer\/"},"modified":"2021-05-29T15:14:14","modified_gmt":"2021-05-29T19:14:14","slug":"international-ol-le-remplacant-de-rudi-garcia-proche-de-signer","status":"publish","type":"post","link":"https:\/\/linitiative.ca\/International\/international-ol-le-remplacant-de-rudi-garcia-proche-de-signer\/","title":{"rendered":"International : OL : Le rempla\u00e7ant de Rudi Garcia proche de signer"},"content":{"rendered":"<div readability=\"32\">\n<p>Auteur : <span class=\"time\">samedi 29 mai 2021 13:32<\/span><\/p>\n<\/div>\n<div id=\"post_core\" readability=\"47\">\n<p>Apr\u00e8s le refus de Christophe Galtier, entra\u00eeneur champion de France cette ann\u00e9e avec le LOSC, il s\u2019agissait de la nouvelle priorit\u00e9 de l\u2019OL. Selon des sources proches du technicien n\u00e9erlandais, l&rsquo;offre, qui porte sur un contrat de deux ans plus une ann\u00e9e en option, comme l\u2019explique\u00a0L\u2019Equipe, a \u00e9t\u00e9 accept\u00e9e ce samedi par Bosz.<\/p>\n<p>L\u2019ancien coach de l&rsquo;Ajax, Dortmund ou encore Leverkusen souhaite arriver avec un pr\u00e9parateur physique, deux adjoints et un analyste vid\u00e9o. Il devrait ensuite \u00eatre pr\u00e9sent\u00e9 en d\u00e9but de semaine comme indiqu\u00e9 par Onzemondial.<\/p>\n<p><strong>Publi\u00e9 dans :<\/strong> <span>Lyon<\/span><\/p>\n<\/div>\n<p>Auteur:<br \/>\n<a href=\"http:\/\/www.lebuteur.com\/article\/detail?titre=ol-le-remplacant-de-rudi-garcia-proche-de-signer&#038;id=100215&#038;utm_source=feedburner&#038;utm_medium=feed&#038;utm_campaign=Feed%3A+GalerieFArtciles+%28Les+derniers+articles++-+lebuteur.com%29\">Cliquez ici pour lire l&rsquo;article depuis sa source.<\/a><\/p>\n","protected":false},"excerpt":{"rendered":"<p>Auteur : samedi 29 mai 2021 13:32 Apr\u00e8s le refus de Christophe Galtier, entra\u00eeneur champion de France cette ann\u00e9e avec le LOSC, il s\u2019agissait de la nouvelle priorit\u00e9 de l\u2019OL. Selon des sources proches du technicien n\u00e9erlandais, l&rsquo;offre, qui porte sur un contrat de deux ans plus une ann\u00e9e en option, comme l\u2019explique\u00a0L\u2019Equipe, a \u00e9t\u00e9 [&hellip;]<\/p>\n","protected":false},"author":1738,"featured_media":0,"comment_status":"closed","ping_status":"closed","sticky":false,"template":"","format":"standard","meta":{"fifu_image_url":"\/\/cdn.lebuteur.com\/data\/images\/article\/thumbs\/large-ol-le-remplacant-de-rudi-garcia-proche-de-signer-01ca3.jpg","fifu_image_alt":"International : OL : Le rempla\u00e7ant de Rudi Garcia proche de signer","footnotes":""},"categories":[53,75],"tags":[],"class_list":["post-117598","post","type-post","status-publish","format-standard","hentry","category-algerie","category-sport"],"_links":{"self":[{"href":"https:\/\/linitiative.ca\/International\/wp-json\/wp\/v2\/posts\/117598","targetHints":{"allow":["GET"]}}],"collection":[{"href":"https:\/\/linitiative.ca\/International\/wp-json\/wp\/v2\/posts"}],"about":[{"href":"https:\/\/linitiative.ca\/International\/wp-json\/wp\/v2\/types\/post"}],"author":[{"embeddable":true,"href":"https:\/\/linitiative.ca\/International\/wp-json\/wp\/v2\/users\/1738"}],"replies":[{"embeddable":true,"href":"https:\/\/linitiative.ca\/International\/wp-json\/wp\/v2\/comments?post=117598"}],"version-history":[{"count":0,"href":"https:\/\/linitiative.ca\/International\/wp-json\/wp\/v2\/posts\/117598\/revisions"}],"wp:attachment":[{"href":"https:\/\/linitiative.ca\/International\/wp-json\/wp\/v2\/media?parent=117598"}],"wp:term":[{"taxonomy":"category","embeddable":true,"href":"https:\/\/linitiative.ca\/International\/wp-json\/wp\/v2\/categories?post=117598"},{"taxonomy":"post_tag","embeddable":true,"href":"https:\/\/linitiative.ca\/International\/wp-json\/wp\/v2\/tags?post=117598"}],"curies":[{"name":"wp","href":"https:\/\/api.w.org\/{rel}","templated":true}]}}