{"id":117599,"date":"2021-05-29T15:14:15","date_gmt":"2021-05-29T19:14:15","guid":{"rendered":"https:\/\/linitiative.ca\/International\/international-juventus-allegri-ne-veut-pas-de-cristiano-ronaldo\/"},"modified":"2021-05-29T15:14:15","modified_gmt":"2021-05-29T19:14:15","slug":"international-juventus-allegri-ne-veut-pas-de-cristiano-ronaldo","status":"publish","type":"post","link":"https:\/\/linitiative.ca\/International\/international-juventus-allegri-ne-veut-pas-de-cristiano-ronaldo\/","title":{"rendered":"International : Juventus : Allegri ne veut pas de Cristiano Ronaldo"},"content":{"rendered":"<div readability=\"32\">\n<p>Auteur : <span class=\"time\">samedi 29 mai 2021 16:00<\/span><\/p>\n<\/div>\n<div id=\"post_core\" readability=\"48\">\n<p>O\u00f9 jouera Cristiano Ronaldo\u00a0l&rsquo;ann\u00e9e prochaine ? En cette fin de saison, beaucoup s\u2019accordaient \u00e0 dire que le quintuple Ballon d\u2019or ne souhaitait pas rester en Italie et encore plus en cas de non-qualification pour la prochaine C1. Mais avec cette quatri\u00e8me place obtenue \u00e0 la derni\u00e8re journ\u00e9e de Serie A, la Juventus jouera bien la Ligue des champions la saison prochaine.<\/p>\n<p>Si cette qualification a\u00a0visiblement convaincu CR7 de rester, le club italien pourrait d\u00e9cider de ne pas le garder. Selon Footmercato et Cadena SER, le nouvel entra\u00eeneur de la Juve, \u00e0 savoir Massimiliano Allegri, ne compterait pas du tout sur Ronaldo. Le technicien italien ne serait pas contre l&rsquo;id\u00e9e de s\u2019en s\u00e9parer et miserait sur d&rsquo;autres joueurs pour mener son attaque.<\/p>\n<p><strong>Publi\u00e9 dans :<\/strong> <span>cristiano ronaldo<\/span> <span>Juventus : Massimiliano Allegri<\/span><\/p>\n<\/div>\n<p>Auteur:<br \/>\n<a href=\"http:\/\/www.lebuteur.com\/article\/detail?titre=juventus-allegri-ne-veut-pas-de-cristiano-ronaldo&#038;id=100216&#038;utm_source=feedburner&#038;utm_medium=feed&#038;utm_campaign=Feed%3A+GalerieFArtciles+%28Les+derniers+articles++-+lebuteur.com%29\">Cliquez ici pour lire l&rsquo;article depuis sa source.<\/a><\/p>\n","protected":false},"excerpt":{"rendered":"<p>Auteur : samedi 29 mai 2021 16:00 O\u00f9 jouera Cristiano Ronaldo\u00a0l&rsquo;ann\u00e9e prochaine ? En cette fin de saison, beaucoup s\u2019accordaient \u00e0 dire que le quintuple Ballon d\u2019or ne souhaitait pas rester en Italie et encore plus en cas de non-qualification pour la prochaine C1. Mais avec cette quatri\u00e8me place obtenue \u00e0 la derni\u00e8re journ\u00e9e de [&hellip;]<\/p>\n","protected":false},"author":1738,"featured_media":0,"comment_status":"closed","ping_status":"closed","sticky":false,"template":"","format":"standard","meta":{"fifu_image_url":"\/\/cdn.lebuteur.com\/data\/images\/article\/thumbs\/large-100216juventus-allegri-ne-veut-pas-de-cristiano-ronaldo-b9425.jpg","fifu_image_alt":"International : Juventus : Allegri ne veut pas de Cristiano Ronaldo","footnotes":""},"categories":[53,75],"tags":[],"class_list":["post-117599","post","type-post","status-publish","format-standard","hentry","category-algerie","category-sport"],"_links":{"self":[{"href":"https:\/\/linitiative.ca\/International\/wp-json\/wp\/v2\/posts\/117599","targetHints":{"allow":["GET"]}}],"collection":[{"href":"https:\/\/linitiative.ca\/International\/wp-json\/wp\/v2\/posts"}],"about":[{"href":"https:\/\/linitiative.ca\/International\/wp-json\/wp\/v2\/types\/post"}],"author":[{"embeddable":true,"href":"https:\/\/linitiative.ca\/International\/wp-json\/wp\/v2\/users\/1738"}],"replies":[{"embeddable":true,"href":"https:\/\/linitiative.ca\/International\/wp-json\/wp\/v2\/comments?post=117599"}],"version-history":[{"count":0,"href":"https:\/\/linitiative.ca\/International\/wp-json\/wp\/v2\/posts\/117599\/revisions"}],"wp:attachment":[{"href":"https:\/\/linitiative.ca\/International\/wp-json\/wp\/v2\/media?parent=117599"}],"wp:term":[{"taxonomy":"category","embeddable":true,"href":"https:\/\/linitiative.ca\/International\/wp-json\/wp\/v2\/categories?post=117599"},{"taxonomy":"post_tag","embeddable":true,"href":"https:\/\/linitiative.ca\/International\/wp-json\/wp\/v2\/tags?post=117599"}],"curies":[{"name":"wp","href":"https:\/\/api.w.org\/{rel}","templated":true}]}}