{"id":117600,"date":"2021-05-29T15:14:17","date_gmt":"2021-05-29T19:14:17","guid":{"rendered":"https:\/\/linitiative.ca\/International\/equipe-dalgerie-en-la-liste-de-belmadi-pour-les-matchs-amicaux-de-juin\/"},"modified":"2021-05-29T15:14:17","modified_gmt":"2021-05-29T19:14:17","slug":"equipe-dalgerie-en-la-liste-de-belmadi-pour-les-matchs-amicaux-de-juin","status":"publish","type":"post","link":"https:\/\/linitiative.ca\/International\/equipe-dalgerie-en-la-liste-de-belmadi-pour-les-matchs-amicaux-de-juin\/","title":{"rendered":"Equipe d&rsquo;Alg\u00e9rie : EN: la liste de Belmadi pour les matchs amicaux de juin"},"content":{"rendered":"<div readability=\"32\">\n<p>Auteur : <span class=\"time\">samedi 29 mai 2021 18:24<\/span><\/p>\n<\/div>\n<div id=\"post_core\" readability=\"76\">\n<p>Le s\u00e9lectionneur national,\u00a0 Djamel BELMADI,\u00a0 a retenu une liste de 30 joueurs en pr\u00e9vision des trois prochaines rencontres amicales face respectivement \u00e0 la Mauritanie (le 3 juin), le Mali (le 6 juin), toutes deux \u00e0 Blida, et la Tunisie (le 11 juin) \u00e0 Tunis.<\/p>\n<p>Gardiens de but:<\/p>\n<p>Rais M\u2019bolhi, Alexandre Oukidja, Azzedine Doukha, Abderrahmane Medjadel<\/p>\n<p>D\u00e9fenseurs:<\/p>\n<p>Mehdi Zeffane, Ayoub Abdellaoui, Youcef Atal, Ramy Bensebaini, Djamel Benlamri, Mehdi Tahrat, A\u00efssa Mandi, Ahmed Touba, Abdelkader Bedrane<\/p>\n<p>Milieux de terrain:<\/p>\n<p>Mehdi Abeid, Adl\u00e8ne Guedioura, Ramiz Zerrouki, Sofiane Feghouli, Haris Belkebla, Farid Boulaya, Hicham Boudaoui, Mehdi Zerkane<\/p>\n<p>Attaquants:<\/p>\n<p>Islam Slimani, Baghdad Bounedjah, Andy Delort, Riyad Mahrez, Youcef Bela\u00efli, Zinedine Ferhat, Rachid Ghezzal, Sa\u00efd Benrahma, Adam Ounas<\/p>\n<p><strong>Publi\u00e9 dans :<\/strong> <span>Belmadi<\/span><\/p>\n<\/div>\n<p>Auteur:<br \/>\n<a href=\"http:\/\/www.lebuteur.com\/article\/detail?titre=en-la-liste-de-belmadi-pour-les-matchs-amicaux-de-juin&#038;id=100217&#038;utm_source=feedburner&#038;utm_medium=feed&#038;utm_campaign=Feed%3A+GalerieFArtciles+%28Les+derniers+articles++-+lebuteur.com%29\">Cliquez ici pour lire l&rsquo;article depuis sa source.<\/a><\/p>\n","protected":false},"excerpt":{"rendered":"<p>Auteur : samedi 29 mai 2021 18:24 Le s\u00e9lectionneur national,\u00a0 Djamel BELMADI,\u00a0 a retenu une liste de 30 joueurs en pr\u00e9vision des trois prochaines rencontres amicales face respectivement \u00e0 la Mauritanie (le 3 juin), le Mali (le 6 juin), toutes deux \u00e0 Blida, et la Tunisie (le 11 juin) \u00e0 Tunis. Gardiens de but: Rais [&hellip;]<\/p>\n","protected":false},"author":1738,"featured_media":0,"comment_status":"closed","ping_status":"closed","sticky":false,"template":"","format":"standard","meta":{"fifu_image_url":"\/\/cdn.lebuteur.com\/data\/images\/article\/thumbs\/large-en-la-liste-de-belmadi-pour-les-matchs-amicaux-de-juin-6e22b.jpg","fifu_image_alt":"Equipe d'Alg\u00e9rie : EN: la liste de Belmadi pour les matchs amicaux de juin","footnotes":""},"categories":[53,75],"tags":[],"class_list":["post-117600","post","type-post","status-publish","format-standard","hentry","category-algerie","category-sport"],"_links":{"self":[{"href":"https:\/\/linitiative.ca\/International\/wp-json\/wp\/v2\/posts\/117600","targetHints":{"allow":["GET"]}}],"collection":[{"href":"https:\/\/linitiative.ca\/International\/wp-json\/wp\/v2\/posts"}],"about":[{"href":"https:\/\/linitiative.ca\/International\/wp-json\/wp\/v2\/types\/post"}],"author":[{"embeddable":true,"href":"https:\/\/linitiative.ca\/International\/wp-json\/wp\/v2\/users\/1738"}],"replies":[{"embeddable":true,"href":"https:\/\/linitiative.ca\/International\/wp-json\/wp\/v2\/comments?post=117600"}],"version-history":[{"count":0,"href":"https:\/\/linitiative.ca\/International\/wp-json\/wp\/v2\/posts\/117600\/revisions"}],"wp:attachment":[{"href":"https:\/\/linitiative.ca\/International\/wp-json\/wp\/v2\/media?parent=117600"}],"wp:term":[{"taxonomy":"category","embeddable":true,"href":"https:\/\/linitiative.ca\/International\/wp-json\/wp\/v2\/categories?post=117600"},{"taxonomy":"post_tag","embeddable":true,"href":"https:\/\/linitiative.ca\/International\/wp-json\/wp\/v2\/tags?post=117600"}],"curies":[{"name":"wp","href":"https:\/\/api.w.org\/{rel}","templated":true}]}}