{"id":117601,"date":"2021-05-29T15:14:19","date_gmt":"2021-05-29T19:14:19","guid":{"rendered":"https:\/\/linitiative.ca\/International\/pros-ligue-des-champions-finale-nous-souhaitons-une-consecration-pour-mahrez\/"},"modified":"2021-05-29T15:14:19","modified_gmt":"2021-05-29T19:14:19","slug":"pros-ligue-des-champions-finale-nous-souhaitons-une-consecration-pour-mahrez","status":"publish","type":"post","link":"https:\/\/linitiative.ca\/International\/pros-ligue-des-champions-finale-nous-souhaitons-une-consecration-pour-mahrez\/","title":{"rendered":"Pros : Ligue des champions-Finale: \u00ab\u00a0Nous souhaitons une cons\u00e9cration pour Mahrez\u00a0\u00bb"},"content":{"rendered":"<div readability=\"32\">\n<p>Auteur : <span class=\"time\">samedi 29 mai 2021 18:27<\/span><\/p>\n<\/div>\n<div id=\"post_core\" readability=\"60\">\n<p>Le pr\u00e9sident de la F\u00e9d\u00e9ration alg\u00e9rienne de football (FAF) Charaf-Eddine Amara a exprim\u00e9 son souhait de voir l&rsquo;international alg\u00e9rien Riyad Mahrez remporter, avec Manchester City, le troph\u00e9e de la Ligue des champions d&rsquo;Europe, samedi soir lors de la finale \u00e0 Porto contre Chelsea. \u00ab\u00a0Sans nul doute, la finale sera tr\u00e8s disput\u00e9e. Cependant, je souhaite un succ\u00e8s pour l&rsquo;Alg\u00e9rien Riad Mahrez. Chelsea ou City c&rsquo;est la m\u00eame chose, mais en ce qui nous concerne, nous souhaitons une cons\u00e9cration pour Mahrez\u00a0\u00bb, a indiqu\u00e9 le pr\u00e9sident de l&rsquo;instance f\u00e9d\u00e9rale lors des travaux de l&rsquo;assembl\u00e9e g\u00e9n\u00e9rale ordinaire du Comit\u00e9 olympique et sportif alg\u00e9rien tenue \u00e0 l&rsquo;h\u00f4tel El Djazair (Alger). \u00ab\u00a0Notre souhait est qu&rsquo;il (ndlr, Mahrez) soit le deuxi\u00e8me Alg\u00e9rien \u00e0 remporter la Ligue des champions d&rsquo;Europe. En cas de victoire, ce sera sans doute, un plus pour l&rsquo;Alg\u00e9rie, sa jeunesse et l&rsquo;\u00e9quipe nationale\u00a0\u00bb, a ajout\u00e9 Charaf-Eddine Amara. Evoquant l&rsquo;\u00e9quipe nationale alg\u00e9rienne, actuellement en pr\u00e9paration au Centre technique national de Sidi-Moussa, le patron de la FAF a indiqu\u00e9 qu&rsquo;il a rendu visite aux joueurs et leur a exprim\u00e9 ses encouragements, en pr\u00e9vision des trois prochains matches amicaux face \u00e0 la Mauritanie (3 juin \u00e0 Blida), au Mali (6 juin \u00e0 Blida) et face \u00e0 la Tunisie (11 juin \u00e0 Tunis). \u00ab\u00a0Ma rencontre avec les joueurs, qui sont d\u00e9j\u00e0 arriv\u00e9s, s&rsquo;est d\u00e9roul\u00e9e dans un climat serein. Je rencontrerai \u00e0 nouveau tout le groupe une fois le stage officiellement entam\u00e9\u00a0\u00bb, a-t-il ajout\u00e9. \u00ab\u00a0Avec le s\u00e9lectionneur Djamel Belmadi, nous avons \u00e9voqu\u00e9 les conditions de d\u00e9roulement de la pr\u00e9paration de la s\u00e9lection nationale, ses besoins, ainsi que les prochaines \u00e9ch\u00e9ances, aussi bien les rencontres amicales que les qualifications. Nous ne laisserons rien au hasard. Nous mettrons tout en place pour l&rsquo;int\u00e9r\u00eat du football alg\u00e9rien\u00a0\u00bb, a-t-il conclu.<\/p>\n<p><strong>Publi\u00e9 dans :<\/strong> <span>Mahrez<\/span><\/p>\n<\/div>\n<p>Auteur:<br \/>\n<a href=\"http:\/\/www.lebuteur.com\/article\/detail?titre=ligue-des-champions-finale-nous-souhaitons-une-consecration-pour-mahrez&#038;id=100218&#038;utm_source=feedburner&#038;utm_medium=feed&#038;utm_campaign=Feed%3A+GalerieFArtciles+%28Les+derniers+articles++-+lebuteur.com%29\">Cliquez ici pour lire l&rsquo;article depuis sa source.<\/a><\/p>\n","protected":false},"excerpt":{"rendered":"<p>Auteur : samedi 29 mai 2021 18:27 Le pr\u00e9sident de la F\u00e9d\u00e9ration alg\u00e9rienne de football (FAF) Charaf-Eddine Amara a exprim\u00e9 son souhait de voir l&rsquo;international alg\u00e9rien Riyad Mahrez remporter, avec Manchester City, le troph\u00e9e de la Ligue des champions d&rsquo;Europe, samedi soir lors de la finale \u00e0 Porto contre Chelsea. \u00ab\u00a0Sans nul doute, la finale [&hellip;]<\/p>\n","protected":false},"author":1738,"featured_media":0,"comment_status":"closed","ping_status":"closed","sticky":false,"template":"","format":"standard","meta":{"fifu_image_url":"\/\/cdn.lebuteur.com\/data\/images\/article\/thumbs\/large-ligue-des-champions-finale-nous-souhaitons-une-consecration-pour-mahrez-aa5bd.jpg","fifu_image_alt":"Pros : Ligue des champions-Finale: \"Nous souhaitons une cons\u00e9cration pour Mahrez\"","footnotes":""},"categories":[53,75],"tags":[],"class_list":["post-117601","post","type-post","status-publish","format-standard","hentry","category-algerie","category-sport"],"_links":{"self":[{"href":"https:\/\/linitiative.ca\/International\/wp-json\/wp\/v2\/posts\/117601","targetHints":{"allow":["GET"]}}],"collection":[{"href":"https:\/\/linitiative.ca\/International\/wp-json\/wp\/v2\/posts"}],"about":[{"href":"https:\/\/linitiative.ca\/International\/wp-json\/wp\/v2\/types\/post"}],"author":[{"embeddable":true,"href":"https:\/\/linitiative.ca\/International\/wp-json\/wp\/v2\/users\/1738"}],"replies":[{"embeddable":true,"href":"https:\/\/linitiative.ca\/International\/wp-json\/wp\/v2\/comments?post=117601"}],"version-history":[{"count":0,"href":"https:\/\/linitiative.ca\/International\/wp-json\/wp\/v2\/posts\/117601\/revisions"}],"wp:attachment":[{"href":"https:\/\/linitiative.ca\/International\/wp-json\/wp\/v2\/media?parent=117601"}],"wp:term":[{"taxonomy":"category","embeddable":true,"href":"https:\/\/linitiative.ca\/International\/wp-json\/wp\/v2\/categories?post=117601"},{"taxonomy":"post_tag","embeddable":true,"href":"https:\/\/linitiative.ca\/International\/wp-json\/wp\/v2\/tags?post=117601"}],"curies":[{"name":"wp","href":"https:\/\/api.w.org\/{rel}","templated":true}]}}